{"id":607,"date":"2019-02-13T15:29:05","date_gmt":"2019-02-13T15:29:05","guid":{"rendered":"https:\/\/retotmp.wordpress.com\/2019\/02\/13\/13-february-2019-1529\/"},"modified":"2019-02-13T15:29:05","modified_gmt":"2019-02-13T15:29:05","slug":"13-february-2019-1529","status":"publish","type":"post","link":"https:\/\/retotmp.valnaloneduca.com\/?p=607","title":{"rendered":"Entrevistas a artistas"},"content":{"rendered":"<p style=\"text-align:justify;\"><img loading=\"lazy\" class=\"alignnone size-full wp-image-611\" src=\"https:\/\/i0.wp.com\/retotmp.valnaloneduca.com\/wp-content\/uploads\/2019\/02\/musicos.jpg?resize=725%2C408\" alt=\"Processed with VSCO with f2 preset\" width=\"725\" height=\"408\" srcset=\"https:\/\/i0.wp.com\/retotmp.valnaloneduca.com\/wp-content\/uploads\/2019\/02\/musicos.jpg?w=725&amp;ssl=1 725w, https:\/\/i0.wp.com\/retotmp.valnaloneduca.com\/wp-content\/uploads\/2019\/02\/musicos.jpg?resize=300%2C169&amp;ssl=1 300w\" sizes=\"(max-width: 725px) 100vw, 725px\" data-recalc-dims=\"1\" \/>Seg\u00fan los m\u00fasicos y artistas que hemos entrevistado, un 66&#8217;7% prefieren musicas de todo tipo, pop, rock, espa\u00f1ola, inglesa, reaggeton&#8230; y un 33&#8217;3% prefieren rock espa\u00f1ol\/ ingles.<br \/>\nComo actividades artisticas se proponen karaoke, pintura en murales ( cada persona pone o dibuja una cosa y as\u00ed hacer un gran mural entre todos) y actividades relacionadas con musicales.<br \/>\nC\u00f3mo lugar para actividades y conciertos un 33&#8217;3% prefieren lugares cerrados (bares, teatros&#8230;) y un 66&#8217;7% plazas, pabellones, parques&#8230; y al 100% le gustar\u00eda que hubiese espect\u00e1culos de baile, mimos, magos&#8230;<\/p>\n","protected":false},"excerpt":{"rendered":"<p>Seg\u00fan los m\u00fasicos y artistas que hemos entrevistado, un 66&#8217;7% prefieren musicas de todo tipo, pop, rock, espa\u00f1ola, inglesa, reaggeton&#8230;<\/p>\n","protected":false},"author":3,"featured_media":0,"comment_status":"open","ping_status":"open","sticky":false,"template":"","format":"standard","meta":{"spay_email":""},"categories":[18,30],"tags":[],"jetpack_featured_media_url":"","jetpack-related-posts":[{"id":582,"url":"https:\/\/retotmp.valnaloneduca.com\/?p=582","url_meta":{"origin":607,"position":0},"title":"Encuesta sobre Noche Blanca (Instagram)","date":"febrero 11, 2019","format":false,"excerpt":"Tras haber subido diferentes encuestas sobre la noche blanca de Avil\u00e9s a dos cuentas de Instagram, hemos obtenido las siguientes conclusiones: M\u00e1s de la mitad de los j\u00f3venes de Avil\u00e9s no saben en qu\u00e9 consiste la noche blanca (de 333 personas, 100 s\u00ed conoc\u00edan esta actividad mientras que 233 no).\u2026","rel":"","context":"En \u00abIES N\u00ba 5\u00bb","img":{"alt_text":"","src":"","width":0,"height":0},"classes":[]},{"id":717,"url":"https:\/\/retotmp.valnaloneduca.com\/?p=717","url_meta":{"origin":607,"position":1},"title":"Entrevista","date":"febrero 25, 2019","format":false,"excerpt":"Buenos dias somos el grupo The Palls. La entrevista se la hemos realizado a nuestra profesora Tania Fern\u00e1ndez de marketing digital. 1.\u00bfTipo de musica? M\u00fasica latina, pop rock, canciones infantiles. 2.\u00bfVas a conciertos? A dia de hoy no, anteriormente s\u00ed. 3.Si vas, \u00bfcuanto pagas por ir? Depende del artista maximo\u2026","rel":"","context":"En \u00abIES Ram\u00f3n Men\u00e9ndez Pidal\u00bb","img":{"alt_text":"woman-teaching-and-writing","src":"https:\/\/i0.wp.com\/retotmp.valnaloneduca.com\/wp-content\/uploads\/2019\/02\/woman-teaching-and-writing.jpg?resize=350%2C200","width":350,"height":200},"classes":[]},{"id":706,"url":"https:\/\/retotmp.valnaloneduca.com\/?p=706","url_meta":{"origin":607,"position":2},"title":"Encuesta online reto musical - Equipo Estrella Polar","date":"febrero 24, 2019","format":false,"excerpt":"Nuestro grupo con esta encuesta ha querido saber el gusto musical de la gente seg\u00fan g\u00e9nero y edad, y saber que tipo de m\u00fasica escuchan m\u00e1s. Esta encuesta ha sido realizada online. Hemos recibido 186 respuestas. Han contestado 143 mujeres, y 43 hombres. \u00b7 140 personas de entre 18 y\u2026","rel":"","context":"En \u00abIES Ram\u00f3n Men\u00e9ndez Pidal\u00bb","img":{"alt_text":"","src":"https:\/\/i2.wp.com\/retotmp.valnaloneduca.com\/wp-content\/uploads\/2019\/02\/music-on.-world-off.jpg?resize=350%2C200","width":350,"height":200},"classes":[]},{"id":530,"url":"https:\/\/retotmp.valnaloneduca.com\/?p=530","url_meta":{"origin":607,"position":3},"title":"Visita a la Factor\u00eda Cultural","date":"febrero 4, 2019","format":false,"excerpt":"Los retos propuestos por la Factor\u00eda Cultural han comenzado, como no pod\u00eda ser de otra manera, con una visita a las instalaciones. El objetivo era conocer los espacios y la programaci\u00f3n disponible. Recorrimos todos los espacios, las aulas de cer\u00e1mica, grabado y pintura, el cuarto de hornos el\u00e9ctricos y de\u2026","rel":"","context":"En \u00abIES N\u00ba 5\u00bb","img":{"alt_text":"","src":"https:\/\/i1.wp.com\/retotmp.valnaloneduca.com\/wp-content\/uploads\/2019\/02\/whatsapp-image-2019-02-04-at-12.02.23-2.jpeg?resize=350%2C200","width":350,"height":200},"classes":[]},{"id":700,"url":"https:\/\/retotmp.valnaloneduca.com\/?p=700","url_meta":{"origin":607,"position":4},"title":"Veenfies, misi\u00f3n de transmisi\u00f3n","date":"febrero 24, 2019","format":false,"excerpt":"Tras haber realizado encuestas a un supuesto p\u00fablico objetivo como es nuestra clase y a las componentes del grupo, hemos conseguido los siguientes resultados. Comenzando por la encuesta a las personas de clase, la primera pregunta ped\u00eda que dijeran lo mejor de la actuaci\u00f3n del pasado lunes en una o\u2026","rel":"","context":"En \u00abIES Ram\u00f3n Men\u00e9ndez Pidal\u00bb","img":{"alt_text":"whatsapp image 2019 02 15 at 18.44.35 1","src":"https:\/\/i1.wp.com\/retotmp.valnaloneduca.com\/wp-content\/uploads\/2019\/02\/whatsapp-image-2019-02-15-at-18.44.35-1.jpeg?resize=350%2C200","width":350,"height":200},"classes":[]},{"id":583,"url":"https:\/\/retotmp.valnaloneduca.com\/?p=583","url_meta":{"origin":607,"position":5},"title":"Cuestionario sobre la Noche Blanca a los alumnos del C.P San Crist\u00f3bal","date":"febrero 11, 2019","format":false,"excerpt":"Para esta primera ten\u00edamos pensado, en un principio, entrevistar a las alumnas de la academia de danza \"Step\", lo cual no nos fue posible por la falta de tiempo, sin embargo la madre de una de nosotras trabaja en el colegio de educaci\u00f3n especial San Crist\u00f3bal. Al ser un colegio\u2026","rel":"","context":"En \u00abIES N\u00ba 5\u00bb","img":{"alt_text":"","src":"https:\/\/i2.wp.com\/retotmp.valnaloneduca.com\/wp-content\/uploads\/2019\/02\/logo.jpg?resize=350%2C200","width":350,"height":200},"classes":[]}],"_links":{"self":[{"href":"https:\/\/retotmp.valnaloneduca.com\/index.php?rest_route=\/wp\/v2\/posts\/607"}],"collection":[{"href":"https:\/\/retotmp.valnaloneduca.com\/index.php?rest_route=\/wp\/v2\/posts"}],"about":[{"href":"https:\/\/retotmp.valnaloneduca.com\/index.php?rest_route=\/wp\/v2\/types\/post"}],"author":[{"embeddable":true,"href":"https:\/\/retotmp.valnaloneduca.com\/index.php?rest_route=\/wp\/v2\/users\/3"}],"replies":[{"embeddable":true,"href":"https:\/\/retotmp.valnaloneduca.com\/index.php?rest_route=%2Fwp%2Fv2%2Fcomments&post=607"}],"version-history":[{"count":0,"href":"https:\/\/retotmp.valnaloneduca.com\/index.php?rest_route=\/wp\/v2\/posts\/607\/revisions"}],"wp:attachment":[{"href":"https:\/\/retotmp.valnaloneduca.com\/index.php?rest_route=%2Fwp%2Fv2%2Fmedia&parent=607"}],"wp:term":[{"taxonomy":"category","embeddable":true,"href":"https:\/\/retotmp.valnaloneduca.com\/index.php?rest_route=%2Fwp%2Fv2%2Fcategories&post=607"},{"taxonomy":"post_tag","embeddable":true,"href":"https:\/\/retotmp.valnaloneduca.com\/index.php?rest_route=%2Fwp%2Fv2%2Ftags&post=607"}],"curies":[{"name":"wp","href":"https:\/\/api.w.org\/{rel}","templated":true}]}}