{"id":613,"date":"2019-02-15T18:28:51","date_gmt":"2019-02-15T18:28:51","guid":{"rendered":"https:\/\/retotmp.wordpress.com\/?p=613"},"modified":"2019-02-15T18:28:51","modified_gmt":"2019-02-15T18:28:51","slug":"proximo-reto-plan-de-marketing-musical","status":"publish","type":"post","link":"https:\/\/retotmp.valnaloneduca.com\/?p=613","title":{"rendered":"Pr\u00f3ximo reto&#8230; Plan de Marketing Musical"},"content":{"rendered":"<p style=\"text-align:justify;\">Un a\u00f1o m\u00e1s, hemos comenzado un reto en el <strong>IES Ram\u00f3n Men\u00e9ndez Pidal de Avil\u00e9s<\/strong> con el grupo de estudiantes del <strong>CFGS Marketing y Publicidad<\/strong>. Y este a\u00f1o, tenemos todo un desaf\u00edo&#8230; un grupo de cinco mujeres artistas nos han propuesto dise\u00f1ar su plan de marketing para su nuevo proyecto musical. A\u00fan no hay nada definitivo pero, parece ser que su grupo se llamar\u00e1 <strong>Veenfies<\/strong>.<\/p>\n<p style=\"text-align:justify;\"><a href=\"https:\/\/i1.wp.com\/retotmp.valnaloneduca.com\/wp-content\/uploads\/2019\/02\/whatsapp-image-2019-02-15-at-18.44.35-1.jpeg\"><img loading=\"lazy\" class=\"alignnone size-full wp-image-614\" src=\"https:\/\/i1.wp.com\/retotmp.valnaloneduca.com\/wp-content\/uploads\/2019\/02\/whatsapp-image-2019-02-15-at-18.44.35-1.jpeg?resize=640%2C480\" alt=\"\" width=\"640\" height=\"480\" srcset=\"https:\/\/i1.wp.com\/retotmp.valnaloneduca.com\/wp-content\/uploads\/2019\/02\/whatsapp-image-2019-02-15-at-18.44.35-1.jpeg?w=1600&amp;ssl=1 1600w, https:\/\/i1.wp.com\/retotmp.valnaloneduca.com\/wp-content\/uploads\/2019\/02\/whatsapp-image-2019-02-15-at-18.44.35-1.jpeg?resize=300%2C225&amp;ssl=1 300w, https:\/\/i1.wp.com\/retotmp.valnaloneduca.com\/wp-content\/uploads\/2019\/02\/whatsapp-image-2019-02-15-at-18.44.35-1.jpeg?resize=1024%2C768&amp;ssl=1 1024w, https:\/\/i1.wp.com\/retotmp.valnaloneduca.com\/wp-content\/uploads\/2019\/02\/whatsapp-image-2019-02-15-at-18.44.35-1.jpeg?resize=768%2C576&amp;ssl=1 768w, https:\/\/i1.wp.com\/retotmp.valnaloneduca.com\/wp-content\/uploads\/2019\/02\/whatsapp-image-2019-02-15-at-18.44.35-1.jpeg?resize=1536%2C1152&amp;ssl=1 1536w\" sizes=\"(max-width: 640px) 100vw, 640px\" data-recalc-dims=\"1\" \/><\/a><\/p>\n<p style=\"text-align:justify;\">Ellas son&#8230; Gloria Rodr\u00edguez D\u00edaz (voz), Beatriz Mayo Mangue (teclado y coros), Laura Estrada Gonzalez (bajo), Iris Mart\u00ednez Cend\u00f3n (bateria) y Noem\u00ed Alvarez V\u00e1zquez (guitarra).<\/p>\n<p style=\"text-align:justify;\">Y como no pod\u00eda ser de otra manera, el curso comenz\u00f3 con una presentaci\u00f3n del grupo en uno de los locales de ensayo ubicado en la Fundaci\u00f3n M\u00fasica Moderna, aunque tambi\u00e9n utilizan una de las salas de la Factor\u00eda Cultural.<\/p>\n<p style=\"text-align:justify;\">Fue un encuentro muy fruct\u00edfero&#8230; nos contaron sus antecedentes, el origen del grupo, los planes y todas las ilusiones que tienen invertidas en este nuevo proyecto musical. El grupo de estudiantes ya estaban dando vueltas a la cabeza y exponiendo algunas ideas&#8230; pero, a\u00fan nos queda trabajo por delante, cuatro semanas donde trataremos de generar ideas que pronto disfrutaremos transformadas en m\u00fasica.<\/p>\n<div class=\"tiled-gallery type-circle tiled-gallery-unresized\" data-original-width=\"910\" data-carousel-extra='null' itemscope itemtype=\"http:\/\/schema.org\/ImageGallery\" > <div class=\"gallery-row\" style=\"width: 910px; height: 455px;\" data-original-width=\"910\" data-original-height=\"455\" > <div class=\"gallery-group\" style=\"width: 455px; height: 455px;\" data-original-width=\"455\" data-original-height=\"455\" > <div class=\"tiled-gallery-item \" itemprop=\"associatedMedia\" itemscope itemtype=\"http:\/\/schema.org\/ImageObject\"> <a href=\"https:\/\/retotmp.valnaloneduca.com\/?attachment_id=616\" border=\"0\" itemprop=\"url\"> <meta itemprop=\"width\" content=\"451\"> <meta itemprop=\"height\" content=\"451\"> <img data-attachment-id=\"616\" data-orig-file=\"https:\/\/retotmp.valnaloneduca.com\/wp-content\/uploads\/2019\/02\/whatsapp-image-2019-02-15-at-18.44.32.jpeg\" data-orig-size=\"1600,1200\" data-comments-opened=\"1\" data-image-meta=\"{&quot;aperture&quot;:&quot;0&quot;,&quot;credit&quot;:&quot;&quot;,&quot;camera&quot;:&quot;&quot;,&quot;caption&quot;:&quot;&quot;,&quot;created_timestamp&quot;:&quot;0&quot;,&quot;copyright&quot;:&quot;&quot;,&quot;focal_length&quot;:&quot;0&quot;,&quot;iso&quot;:&quot;0&quot;,&quot;shutter_speed&quot;:&quot;0&quot;,&quot;title&quot;:&quot;&quot;,&quot;orientation&quot;:&quot;0&quot;}\" data-image-title=\"whatsapp image 2019 02 15 at 18.44.32\" data-image-description=\"\" data-medium-file=\"https:\/\/i2.wp.com\/retotmp.valnaloneduca.com\/wp-content\/uploads\/2019\/02\/whatsapp-image-2019-02-15-at-18.44.32.jpeg?fit=300%2C225&#038;ssl=1\" data-large-file=\"https:\/\/i2.wp.com\/retotmp.valnaloneduca.com\/wp-content\/uploads\/2019\/02\/whatsapp-image-2019-02-15-at-18.44.32.jpeg?fit=910%2C683&#038;ssl=1\" src=\"https:\/\/i2.wp.com\/retotmp.valnaloneduca.com\/wp-content\/uploads\/2019\/02\/whatsapp-image-2019-02-15-at-18.44.32.jpeg?w=451&#038;h=451&#038;crop=1&#038;ssl=1\" width=\"451\" height=\"451\" data-original-width=\"451\" data-original-height=\"451\" itemprop=\"http:\/\/schema.org\/image\" title=\"whatsapp image 2019 02 15 at 18.44.32\" alt=\"whatsapp image 2019 02 15 at 18.44.32\" style=\"width: 451px; height: 451px;\" \/> <\/a> <div class=\"tiled-gallery-caption\" itemprop=\"caption description\"> whatsapp image 2019 02 15 at 18.44.32 <\/div> <\/div> <\/div> <div class=\"gallery-group\" style=\"width: 455px; height: 455px;\" data-original-width=\"455\" data-original-height=\"455\" > <div class=\"tiled-gallery-item \" itemprop=\"associatedMedia\" itemscope itemtype=\"http:\/\/schema.org\/ImageObject\"> <a href=\"https:\/\/retotmp.valnaloneduca.com\/?attachment_id=615\" border=\"0\" itemprop=\"url\"> <meta itemprop=\"width\" content=\"451\"> <meta itemprop=\"height\" content=\"451\"> <img data-attachment-id=\"615\" data-orig-file=\"https:\/\/retotmp.valnaloneduca.com\/wp-content\/uploads\/2019\/02\/whatsapp-image-2019-02-15-at-18.44.31.jpeg\" data-orig-size=\"1600,1200\" data-comments-opened=\"1\" data-image-meta=\"{&quot;aperture&quot;:&quot;0&quot;,&quot;credit&quot;:&quot;&quot;,&quot;camera&quot;:&quot;&quot;,&quot;caption&quot;:&quot;&quot;,&quot;created_timestamp&quot;:&quot;0&quot;,&quot;copyright&quot;:&quot;&quot;,&quot;focal_length&quot;:&quot;0&quot;,&quot;iso&quot;:&quot;0&quot;,&quot;shutter_speed&quot;:&quot;0&quot;,&quot;title&quot;:&quot;&quot;,&quot;orientation&quot;:&quot;0&quot;}\" data-image-title=\"whatsapp image 2019 02 15 at 18.44.31\" data-image-description=\"\" data-medium-file=\"https:\/\/i2.wp.com\/retotmp.valnaloneduca.com\/wp-content\/uploads\/2019\/02\/whatsapp-image-2019-02-15-at-18.44.31.jpeg?fit=300%2C225&#038;ssl=1\" data-large-file=\"https:\/\/i2.wp.com\/retotmp.valnaloneduca.com\/wp-content\/uploads\/2019\/02\/whatsapp-image-2019-02-15-at-18.44.31.jpeg?fit=910%2C683&#038;ssl=1\" src=\"https:\/\/i2.wp.com\/retotmp.valnaloneduca.com\/wp-content\/uploads\/2019\/02\/whatsapp-image-2019-02-15-at-18.44.31.jpeg?w=451&#038;h=451&#038;crop=1&#038;ssl=1\" width=\"451\" height=\"451\" data-original-width=\"451\" data-original-height=\"451\" itemprop=\"http:\/\/schema.org\/image\" title=\"whatsapp image 2019 02 15 at 18.44.31\" alt=\"whatsapp image 2019 02 15 at 18.44.31\" style=\"width: 451px; height: 451px;\" \/> <\/a> <div class=\"tiled-gallery-caption\" itemprop=\"caption description\"> whatsapp image 2019 02 15 at 18.44.31 <\/div> <\/div> <\/div> <\/div> <\/div>\n<p>&nbsp;<\/p>\n<p>\u00a1Gracias equipo por confiar en nosotros vuestro proyecto musical!<\/p>\n","protected":false},"excerpt":{"rendered":"<p>Un a\u00f1o m\u00e1s, hemos comenzado un reto en el IES Ram\u00f3n Men\u00e9ndez Pidal de Avil\u00e9s con el grupo de estudiantes<\/p>\n","protected":false},"author":3,"featured_media":0,"comment_status":"open","ping_status":"open","sticky":false,"template":"","format":"standard","meta":{"spay_email":""},"categories":[21,30],"tags":[],"jetpack_featured_media_url":"","jetpack-related-posts":[{"id":831,"url":"https:\/\/retotmp.valnaloneduca.com\/?p=831","url_meta":{"origin":613,"position":0},"title":"The Veenfies en los escenarios","date":"marzo 20, 2019","format":false,"excerpt":"The Veenfies ya ha comenzado a rodar por los escenarios, su estreno ha sido en las actividades programadas por el Ayuntamiento de Avil\u00e9s para el 8 de marzo. Que mejor estreno para 5 m\u00fasicas como Gloria (voz), Beatriz (teclado y coros), Noem\u00ed (guitarra), Laura (bajo) e Iris (bater\u00eda). Para quienes\u2026","rel":"","context":"En \u00abIES Ram\u00f3n Men\u00e9ndez Pidal\u00bb","img":{"alt_text":"","src":"https:\/\/i1.wp.com\/retotmp.valnaloneduca.com\/wp-content\/uploads\/2019\/03\/2-scaled.jpg?resize=350%2C200","width":350,"height":200},"classes":[]},{"id":618,"url":"https:\/\/retotmp.valnaloneduca.com\/?p=618","url_meta":{"origin":613,"position":1},"title":"NADABUENO","date":"febrero 15, 2019","format":false,"excerpt":"NadaBueno, sello discogr\u00e1fico promovido por Javier Vallina a partir de su proyecto en solitario BUENO. Y quien mejor que \u00e9l para comenzar el reto con un ejemplo del plan de marketing utilizado para el lanzamiento de su primer disco en solitario 9 canciones min\u00fasculas, un hurac\u00e1n y un mill\u00f3n de\u2026","rel":"","context":"En \u00abIES Ram\u00f3n Men\u00e9ndez Pidal\u00bb","img":{"alt_text":"","src":"https:\/\/i0.wp.com\/retotmp.valnaloneduca.com\/wp-content\/uploads\/2019\/02\/1550257301811blob.png?resize=350%2C200","width":350,"height":200},"classes":[]},{"id":717,"url":"https:\/\/retotmp.valnaloneduca.com\/?p=717","url_meta":{"origin":613,"position":2},"title":"Entrevista","date":"febrero 25, 2019","format":false,"excerpt":"Buenos dias somos el grupo The Palls. La entrevista se la hemos realizado a nuestra profesora Tania Fern\u00e1ndez de marketing digital. 1.\u00bfTipo de musica? M\u00fasica latina, pop rock, canciones infantiles. 2.\u00bfVas a conciertos? A dia de hoy no, anteriormente s\u00ed. 3.Si vas, \u00bfcuanto pagas por ir? Depende del artista maximo\u2026","rel":"","context":"En \u00abIES Ram\u00f3n Men\u00e9ndez Pidal\u00bb","img":{"alt_text":"woman-teaching-and-writing","src":"https:\/\/i0.wp.com\/retotmp.valnaloneduca.com\/wp-content\/uploads\/2019\/02\/woman-teaching-and-writing.jpg?resize=350%2C200","width":350,"height":200},"classes":[]},{"id":886,"url":"https:\/\/retotmp.valnaloneduca.com\/?p=886","url_meta":{"origin":613,"position":3},"title":"Redefinimos el reto... generamos IDEAS","date":"abril 1, 2019","format":false,"excerpt":"Despu\u00e9s de la visita a Barna Guitars, hemos continuado con el desarrollo de la EMPAT\u00cdA realizando entrevistas a guitarristas, expertos en marketing y otros comercios que ten\u00edan una decoraci\u00f3n con tendencias similares. Las entrevistas fueron muy enriquecedoras, conseguimos mucha informaci\u00f3n y especialmente nos ayud\u00f3 a pasar a la siguiente fase...\u2026","rel":"","context":"En \u00abIES Ram\u00f3n Men\u00e9ndez Pidal\u00bb","img":{"alt_text":"ideas barna","src":"https:\/\/i1.wp.com\/retotmp.valnaloneduca.com\/wp-content\/uploads\/2019\/04\/ideas-barna.jpg?resize=350%2C200","width":350,"height":200},"classes":[]},{"id":713,"url":"https:\/\/retotmp.valnaloneduca.com\/?p=713","url_meta":{"origin":613,"position":4},"title":"Entrevista Jorge Gutierrez rapero de Gij\u00f3n","date":"febrero 25, 2019","format":"image","excerpt":"","rel":"","context":"En \u00abIES Ram\u00f3n Men\u00e9ndez Pidal\u00bb","img":{"alt_text":"","src":"https:\/\/i1.wp.com\/retotmp.valnaloneduca.com\/wp-content\/uploads\/2019\/02\/4e11a04d-fa20-40f7-a002-8737fbb35877.jpeg?resize=350%2C200","width":350,"height":200},"classes":[]},{"id":703,"url":"https:\/\/retotmp.valnaloneduca.com\/?p=703","url_meta":{"origin":613,"position":5},"title":"Entrevista a centro SAT","date":"febrero 24, 2019","format":false,"excerpt":"En el primer reto propuesto para nuestro grupo se nos hizo entrevistar a un centro SAT, en concreto el de Gij\u00f3n, que est\u00e1 en el barrio del Cerillero, y por otra parte entrevistamos tambi\u00e9n a un profesor de nuestro centro. Por aqu\u00ed van las respuestas m\u00e1s interesantes que nos han\u2026","rel":"","context":"En \u00abIES Ram\u00f3n Men\u00e9ndez Pidal\u00bb","img":{"alt_text":"","src":"https:\/\/i1.wp.com\/retotmp.valnaloneduca.com\/wp-content\/uploads\/2019\/02\/cristasa.jpg?resize=350%2C200","width":350,"height":200},"classes":[]}],"_links":{"self":[{"href":"https:\/\/retotmp.valnaloneduca.com\/index.php?rest_route=\/wp\/v2\/posts\/613"}],"collection":[{"href":"https:\/\/retotmp.valnaloneduca.com\/index.php?rest_route=\/wp\/v2\/posts"}],"about":[{"href":"https:\/\/retotmp.valnaloneduca.com\/index.php?rest_route=\/wp\/v2\/types\/post"}],"author":[{"embeddable":true,"href":"https:\/\/retotmp.valnaloneduca.com\/index.php?rest_route=\/wp\/v2\/users\/3"}],"replies":[{"embeddable":true,"href":"https:\/\/retotmp.valnaloneduca.com\/index.php?rest_route=%2Fwp%2Fv2%2Fcomments&post=613"}],"version-history":[{"count":0,"href":"https:\/\/retotmp.valnaloneduca.com\/index.php?rest_route=\/wp\/v2\/posts\/613\/revisions"}],"wp:attachment":[{"href":"https:\/\/retotmp.valnaloneduca.com\/index.php?rest_route=%2Fwp%2Fv2%2Fmedia&parent=613"}],"wp:term":[{"taxonomy":"category","embeddable":true,"href":"https:\/\/retotmp.valnaloneduca.com\/index.php?rest_route=%2Fwp%2Fv2%2Fcategories&post=613"},{"taxonomy":"post_tag","embeddable":true,"href":"https:\/\/retotmp.valnaloneduca.com\/index.php?rest_route=%2Fwp%2Fv2%2Ftags&post=613"}],"curies":[{"name":"wp","href":"https:\/\/api.w.org\/{rel}","templated":true}]}}