{"id":618,"date":"2019-02-15T19:17:50","date_gmt":"2019-02-15T19:17:50","guid":{"rendered":"https:\/\/retotmp.wordpress.com\/?p=618"},"modified":"2019-02-15T19:17:50","modified_gmt":"2019-02-15T19:17:50","slug":"nadabueno","status":"publish","type":"post","link":"https:\/\/retotmp.valnaloneduca.com\/?p=618","title":{"rendered":"NADABUENO"},"content":{"rendered":"<p style=\"text-align:justify;\"><strong>NadaBueno<\/strong>, sello discogr\u00e1fico promovido por Javier Vallina a partir de su proyecto en solitario <strong>BUENO<\/strong>. Y quien mejor que \u00e9l para comenzar el reto con un ejemplo del plan de marketing utilizado para el lanzamiento de su primer disco en solitario<em> 9 canciones min\u00fasculas, un hurac\u00e1n y un mill\u00f3n de lunares. <\/em><br \/>\nY es que Javi fue quien se encarg\u00f3 personalmente de todo&#8230; componer, tocar todos los instrumentos, maquetar, producir, financiar e incluso editar el \u00e1lbum con su propio sello NadaBueno.<\/p>\n<p style=\"text-align:justify;\"><a href=\"https:\/\/i0.wp.com\/retotmp.valnaloneduca.com\/wp-content\/uploads\/2019\/02\/1550257301811blob.png\"><img loading=\"lazy\" class=\"alignnone size-full wp-image-619\" src=\"https:\/\/i0.wp.com\/retotmp.valnaloneduca.com\/wp-content\/uploads\/2019\/02\/1550257301811blob.png?resize=640%2C640\" alt=\"\" width=\"640\" height=\"640\" srcset=\"https:\/\/i0.wp.com\/retotmp.valnaloneduca.com\/wp-content\/uploads\/2019\/02\/1550257301811blob.png?w=1500&amp;ssl=1 1500w, https:\/\/i0.wp.com\/retotmp.valnaloneduca.com\/wp-content\/uploads\/2019\/02\/1550257301811blob.png?resize=300%2C300&amp;ssl=1 300w, https:\/\/i0.wp.com\/retotmp.valnaloneduca.com\/wp-content\/uploads\/2019\/02\/1550257301811blob.png?resize=1024%2C1024&amp;ssl=1 1024w, https:\/\/i0.wp.com\/retotmp.valnaloneduca.com\/wp-content\/uploads\/2019\/02\/1550257301811blob.png?resize=150%2C150&amp;ssl=1 150w, https:\/\/i0.wp.com\/retotmp.valnaloneduca.com\/wp-content\/uploads\/2019\/02\/1550257301811blob.png?resize=768%2C769&amp;ssl=1 768w, https:\/\/i0.wp.com\/retotmp.valnaloneduca.com\/wp-content\/uploads\/2019\/02\/1550257301811blob.png?resize=100%2C100&amp;ssl=1 100w\" sizes=\"(max-width: 640px) 100vw, 640px\" data-recalc-dims=\"1\" \/><\/a><\/p>\n<p style=\"text-align:justify;\"><a title=\"Ampliar Foto\">Foto: Arnold Moolenaar<\/a><\/p>\n<p style=\"text-align:justify;\">Fue un placer contar con \u00e9l en el aula para explicarnos como ha ido desarrollando su estrategia de marketing, con mucha dedicaci\u00f3n, y especialmente con la colaboraci\u00f3n de profesionales que han ido dando forma a su imagen, acciones promocionales, \u00e1lbumes&#8230;<\/p>\n<p style=\"text-align:justify;\"><a href=\"https:\/\/i1.wp.com\/retotmp.valnaloneduca.com\/wp-content\/uploads\/2019\/02\/whatsapp-image-2019-02-15-at-18.44.35.jpeg\"><img loading=\"lazy\" class=\"alignnone size-full wp-image-620\" src=\"https:\/\/i1.wp.com\/retotmp.valnaloneduca.com\/wp-content\/uploads\/2019\/02\/whatsapp-image-2019-02-15-at-18.44.35.jpeg?resize=640%2C480\" alt=\"\" width=\"640\" height=\"480\" srcset=\"https:\/\/i1.wp.com\/retotmp.valnaloneduca.com\/wp-content\/uploads\/2019\/02\/whatsapp-image-2019-02-15-at-18.44.35.jpeg?w=1600&amp;ssl=1 1600w, https:\/\/i1.wp.com\/retotmp.valnaloneduca.com\/wp-content\/uploads\/2019\/02\/whatsapp-image-2019-02-15-at-18.44.35.jpeg?resize=300%2C225&amp;ssl=1 300w, https:\/\/i1.wp.com\/retotmp.valnaloneduca.com\/wp-content\/uploads\/2019\/02\/whatsapp-image-2019-02-15-at-18.44.35.jpeg?resize=1024%2C768&amp;ssl=1 1024w, https:\/\/i1.wp.com\/retotmp.valnaloneduca.com\/wp-content\/uploads\/2019\/02\/whatsapp-image-2019-02-15-at-18.44.35.jpeg?resize=768%2C576&amp;ssl=1 768w, https:\/\/i1.wp.com\/retotmp.valnaloneduca.com\/wp-content\/uploads\/2019\/02\/whatsapp-image-2019-02-15-at-18.44.35.jpeg?resize=1536%2C1152&amp;ssl=1 1536w\" sizes=\"(max-width: 640px) 100vw, 640px\" data-recalc-dims=\"1\" \/><\/a><\/p>\n<p style=\"text-align:justify;\">Pero&#8230; de este primer \u00e1lbum debemos destacar el formato innovador de su primera tirada, 500 portadas pintadas a mano en formato de gran mural y presentado en el Centro de Arte y Creaci\u00f3n Industrial La Laboral. Todo un \u00e9xito que agot\u00f3 el medio millar de portadas \u00fanicas.<\/p>\n<p style=\"text-align:justify;\">Gracias Javi por tu exposici\u00f3n y consejos para el desarrollo del reto. Seguiremos tus pasos&#8230;. <a href=\"http:\/\/www.lawebdebueno.com\">La Web de Bueno<\/a><\/p>\n<table border=\"0\" cellspacing=\"0\" cellpadding=\"0\">\n<tbody>\n<tr>\n<td>\n<table border=\"0\" width=\"100%\" cellspacing=\"0\" cellpadding=\"0\">\n<tbody>\n<tr>\n<td>\n<table border=\"0\" cellspacing=\"0\" cellpadding=\"0\">\n<tbody>\n<tr>\n<td>\n<h2>La Web de Bueno<\/h2>\n<p>La Web de Bueno, grupo musical asturiano creado por Javier Vallina, con dos discos en el mercado y nuevo videoclip.<\/td>\n<\/tr>\n<\/tbody>\n<\/table>\n<\/td>\n<\/tr>\n<\/tbody>\n<\/table>\n<\/td>\n<\/tr>\n<\/tbody>\n<\/table>\n","protected":false},"excerpt":{"rendered":"<p>NadaBueno, sello discogr\u00e1fico promovido por Javier Vallina a partir de su proyecto en solitario BUENO. Y quien mejor que \u00e9l<\/p>\n","protected":false},"author":3,"featured_media":0,"comment_status":"open","ping_status":"open","sticky":false,"template":"","format":"standard","meta":{"spay_email":""},"categories":[21,30],"tags":[],"jetpack_featured_media_url":"","jetpack-related-posts":[{"id":812,"url":"https:\/\/retotmp.valnaloneduca.com\/?p=812","url_meta":{"origin":618,"position":0},"title":"Talleres las monta\u00f1as \u00a1\u00a1\u00a1A POR EL RETO!!!","date":"marzo 19, 2019","format":false,"excerpt":"Nombre del equipo: Talleres Las Monta\u00f1as-Miembros: Javier, Enrique, Roberto, Luis Reto: El taller Autom\u00f3viles El Reguer\u00f3n nos ha propuesto un reto el cual consiste en buscar una soluci\u00f3n para captar clientela para pasar la ITV sin ning\u00fan tipo de preocupaci\u00f3n, el taller se encarga de todo.","rel":"","context":"En \u00abIES Cangas de Narcea\u00bb","img":{"alt_text":"","src":"https:\/\/i0.wp.com\/retotmp.valnaloneduca.com\/wp-content\/uploads\/2019\/03\/20190319_141552.jpg?resize=350%2C200","width":350,"height":200},"classes":[]},{"id":894,"url":"https:\/\/retotmp.valnaloneduca.com\/?p=894","url_meta":{"origin":618,"position":1},"title":"Propuestas en El Reguer\u00f3n","date":"abril 1, 2019","format":false,"excerpt":"Pocas sesiones pero, muchas ideas y ganas por presentarlas a Jes\u00fas, promotor de Autom\u00f3viles El Reguer\u00f3n. En el aula ultimamos los \u00faltimos detalles, perfilamos los prototipos e hicimos una primera evaluaci\u00f3n con el resto de compa\u00f1eros. Y finalmente nos presentamos en el concesionario con los prototipos preparados... \u00a0 \u00a0 Tres\u2026","rel":"","context":"En \u00abIES Cangas de Narcea\u00bb","img":{"alt_text":"","src":"https:\/\/i0.wp.com\/retotmp.valnaloneduca.com\/wp-content\/uploads\/2019\/04\/canvas-scaled.jpg?resize=350%2C200","width":350,"height":200},"classes":[]},{"id":983,"url":"https:\/\/retotmp.valnaloneduca.com\/?p=983","url_meta":{"origin":618,"position":2},"title":"DENOMINACI\u00d3N DE ORIGEN YA-RETO CF","date":"abril 10, 2019","format":false,"excerpt":"Hemos realizado la ultima sesi\u00f3n y el alumnado a expuesto sus soluciones a su profesora de FOL. Tras sacarle jugo a las entrevistas, realizamos una tormenta de ideas y los estudiantes eligieron las mejores. A partir de la selecci\u00f3n, las desarrollaron y realizaron un power point para comunicarselas a su\u2026","rel":"","context":"En \u00abIES Infiesto\u00bb","img":{"alt_text":"","src":"https:\/\/i0.wp.com\/retotmp.valnaloneduca.com\/wp-content\/uploads\/2019\/04\/pizarra-1.jpg?resize=350%2C200","width":350,"height":200},"classes":[]},{"id":2443,"url":"https:\/\/retotmp.valnaloneduca.com\/?p=2443","url_meta":{"origin":618,"position":3},"title":"IES La Er\u00eda 2022-2023","date":"marzo 30, 2023","format":false,"excerpt":"Durante el mes de marzo del curso 2022-2023 el grupo de 1\u00ba de Ciclo Formativo de Grado Superior Gesti\u00f3n de Ventas y Espacios Comerciales del IES La Er\u00eda (Oviedo), con un total de 18 estudiantes, particip\u00f3 en el proyecto Reto TMP, actividad organizada por Valnal\u00f3n. Para la realizaci\u00f3n de este\u2026","rel":"","context":"En \u00abCurso 2022-2023\u00bb","img":{"alt_text":"","src":"https:\/\/i1.wp.com\/retotmp.valnaloneduca.com\/wp-content\/uploads\/2023\/04\/reto_ies_la_eria-1.jpg?resize=350%2C200&ssl=1","width":350,"height":200},"classes":[]},{"id":2647,"url":"https:\/\/retotmp.valnaloneduca.com\/?p=2647","url_meta":{"origin":618,"position":4},"title":"COLEGIO VIRGEN MEDIADORA-LAS DOMINICAS-GIJ\u00d3N 2023-24","date":"abril 10, 2024","format":false,"excerpt":"En el mes de abril realizamos\u00a0un RETO de Taller para Emprender (tmp) en el COLEGIO VIRGEN MEDIADORA-LAS DOMINICAS de Gij\u00f3n\u00a0a dos cursos de 1\u00ba de bachiller A y B Este a\u00f1o colaboramos con la\u00a0Asociaci\u00f3n Mercado Artesano y Ecol\u00f3gico\u00a0en cuya representaci\u00f3n acuden\u00a0Javier Ruiz-Cuevas\u00a0( presidente ) y\u00a0Vicen Sanz ( ceramista ) quienes\u2026","rel":"","context":"En \u00abColegio Virgen Mediadora-Dominicas 2023-24\u00bb","img":{"alt_text":"","src":"https:\/\/i2.wp.com\/retotmp.valnaloneduca.com\/wp-content\/uploads\/2024\/05\/g2.jpg?resize=350%2C200&ssl=1","width":350,"height":200},"classes":[]},{"id":783,"url":"https:\/\/retotmp.valnaloneduca.com\/?p=783","url_meta":{"origin":618,"position":5},"title":"RETO BCH LLANES","date":"marzo 13, 2019","format":false,"excerpt":"Vamos a realizar durante el mes de marzo dos reto en el IES llanes. Hemos empezado este lunes con el grupo de bachiller donde la jefa de estudios nos ha comunicado el RETO basado en MEJORAR LA LIMPIEZA DE LOS PASILLOS DESPUES DE LOS RECREOS. Hicimos entre todos unas peque\u00f1as\u2026","rel":"","context":"En \u00abIES Llanes\u00bb","img":{"alt_text":"","src":"https:\/\/i1.wp.com\/retotmp.valnaloneduca.com\/wp-content\/uploads\/2019\/03\/profe-ies-llanes.jpg?resize=350%2C200","width":350,"height":200},"classes":[]}],"_links":{"self":[{"href":"https:\/\/retotmp.valnaloneduca.com\/index.php?rest_route=\/wp\/v2\/posts\/618"}],"collection":[{"href":"https:\/\/retotmp.valnaloneduca.com\/index.php?rest_route=\/wp\/v2\/posts"}],"about":[{"href":"https:\/\/retotmp.valnaloneduca.com\/index.php?rest_route=\/wp\/v2\/types\/post"}],"author":[{"embeddable":true,"href":"https:\/\/retotmp.valnaloneduca.com\/index.php?rest_route=\/wp\/v2\/users\/3"}],"replies":[{"embeddable":true,"href":"https:\/\/retotmp.valnaloneduca.com\/index.php?rest_route=%2Fwp%2Fv2%2Fcomments&post=618"}],"version-history":[{"count":0,"href":"https:\/\/retotmp.valnaloneduca.com\/index.php?rest_route=\/wp\/v2\/posts\/618\/revisions"}],"wp:attachment":[{"href":"https:\/\/retotmp.valnaloneduca.com\/index.php?rest_route=%2Fwp%2Fv2%2Fmedia&parent=618"}],"wp:term":[{"taxonomy":"category","embeddable":true,"href":"https:\/\/retotmp.valnaloneduca.com\/index.php?rest_route=%2Fwp%2Fv2%2Fcategories&post=618"},{"taxonomy":"post_tag","embeddable":true,"href":"https:\/\/retotmp.valnaloneduca.com\/index.php?rest_route=%2Fwp%2Fv2%2Ftags&post=618"}],"curies":[{"name":"wp","href":"https:\/\/api.w.org\/{rel}","templated":true}]}}