{"id":622,"date":"2019-02-17T19:01:14","date_gmt":"2019-02-17T19:01:14","guid":{"rendered":"https:\/\/retotmp.wordpress.com\/2019\/02\/17\/entrevista-sobre-la-factoria-cultural-a-fotografos\/"},"modified":"2019-02-17T19:01:14","modified_gmt":"2019-02-17T19:01:14","slug":"entrevista-sobre-la-factoria-cultural-a-fotografos","status":"publish","type":"post","link":"https:\/\/retotmp.valnaloneduca.com\/?p=622","title":{"rendered":"Entrevista sobre la Factor\u00eda Cultural a fot\u00f3grafos"},"content":{"rendered":"<p dir=\"ltr\"><img loading=\"lazy\" class=\"alignnone size-full wp-image-681\" src=\"https:\/\/i0.wp.com\/retotmp.valnaloneduca.com\/wp-content\/uploads\/2019\/02\/fotografo.jpg?resize=910%2C607\" alt=\"fotografo\" width=\"910\" height=\"607\" srcset=\"https:\/\/i0.wp.com\/retotmp.valnaloneduca.com\/wp-content\/uploads\/2019\/02\/fotografo.jpg?w=960&amp;ssl=1 960w, https:\/\/i0.wp.com\/retotmp.valnaloneduca.com\/wp-content\/uploads\/2019\/02\/fotografo.jpg?resize=300%2C200&amp;ssl=1 300w, https:\/\/i0.wp.com\/retotmp.valnaloneduca.com\/wp-content\/uploads\/2019\/02\/fotografo.jpg?resize=768%2C512&amp;ssl=1 768w\" sizes=\"(max-width: 910px) 100vw, 910px\" data-recalc-dims=\"1\" \/><\/p>\n<p dir=\"ltr\">RESULTADOS ENCUESTA FACTOR\u00cdA CULTURAL (36 ENTREVISTADOS)<\/p>\n<ol>\n<li>\n<p dir=\"ltr\">\u00bfCONOCES LA FACTOR\u00cdA CULTURAL?<\/p>\n<\/li>\n<\/ol>\n<p dir=\"ltr\">El 58% afirma que la conoce (21 pers) , el 17% ha respondido que no (6 pers) y el 25% restante ha o\u00eddo hablar de ella pero nunca han estado (9 pers)<\/p>\n<ol start=\"2\">\n<li>\n<p dir=\"ltr\">SI LA CONOCES \u00bfQUE SABES DE ELLA? (ACT ,LOCALIZACI\u00d3N, HORARIOS)<\/p>\n<\/li>\n<\/ol>\n<p dir=\"ltr\">Los encuestados afirman que tienen actividades variadas tipo art\u00edsticas como cer\u00e1mica, fotograf\u00eda ,arte, artesan\u00eda, m\u00fasica, teatro. Y otro tipo de actividades de ocio como salud, medioambientales, idiomas, deportivas<\/p>\n<p dir=\"ltr\">Tambi\u00e9n saben que organizan exposiciones, talleres, m\u00fasica en directo y actividades culturales diversas<\/p>\n<p dir=\"ltr\">Hay gente que relaciona la factor\u00eda con la cer\u00e1mica y el antiguo taller de camisas<\/p>\n<p dir=\"ltr\">Otras personas la conocen por internet<\/p>\n<p dir=\"ltr\">Otras no saben nada de ella<\/p>\n<ol start=\"3\">\n<li>\n<p dir=\"ltr\">\u00bfHAS IDO ALGUNA VEZ A LA FACTOR\u00cdA?<\/p>\n<\/li>\n<\/ol>\n<p dir=\"ltr\">El 47% ya ha ido a la factor\u00eda(17 pers) , el 44% nunca ha estado (16 pers) y el 8% ha hecho cursos en ella (3 pers)<\/p>\n<ol start=\"4\">\n<li>\n<p dir=\"ltr\">\u00bf QU\u00c9 ACTIVIDADES NUEVAS PROPONDR\u00cdAS PARA LA FACTOR\u00cdA? (ESPECIFICAR HORARIOS)<\/p>\n<\/li>\n<\/ol>\n<p dir=\"ltr\">Dibujo art\u00edstico y dise\u00f1o gr\u00e1fico (Fines de semana incluidos los viernes de 6 a 8)<\/p>\n<p dir=\"ltr\">Clases de conversaci\u00f3n con nativos de distintos idiomas<\/p>\n<p dir=\"ltr\">Cursos para bloggers<\/p>\n<p dir=\"ltr\">Fotograf\u00eda gastron\u00f3mica<\/p>\n<p dir=\"ltr\">Cursos formativos cient\u00edficos y human\u00edsticos<\/p>\n<p dir=\"ltr\">Actividades en familia<\/p>\n<p dir=\"ltr\">Partidos de f\u00fatbol femenino para darlo a conocer<\/p>\n<p dir=\"ltr\">Sesiones de cine educativo<\/p>\n<p dir=\"ltr\">Hay gente que no aporta nada ya que no sabe qu\u00e9 actividades concretas se hacen all\u00ed<\/p>\n<p dir=\"ltr\">La media de horarios ser\u00eda entre las 6 y las 8<\/p>\n<ol start=\"5\">\n<li>\n<p dir=\"ltr\">\u00bf CREES QUE SE PROMUEVEN O PROMOCIONAN BIEN LOS CURSOS, CONCIERTOS\u2026. DE LA FACTOR\u00cdA?<\/p>\n<\/li>\n<\/ol>\n<p dir=\"ltr\">El 33% dice que si (12 pers), el 67% lo niega (24 pers)<\/p>\n<ol start=\"6\">\n<li>\n<p dir=\"ltr\">\u00bf C\u00d3MO CREES QUE SE DEBER\u00cdAN PROMOCIONAR LAS ACTIVIDADES DE LA FACTOR\u00cdA?<\/p>\n<\/li>\n<\/ol>\n<p dir=\"ltr\">Anuncios en redes sociales Ej: Instagram, Facebook, Twitter<\/p>\n<p dir=\"ltr\">Mediante medios de difusi\u00f3n e invitar al p\u00fablico. Ej: Tokapp<\/p>\n<p dir=\"ltr\">Carteles o anuncios<\/p>\n<p dir=\"ltr\">Web propia, web del ayto.<\/p>\n<p dir=\"ltr\">Prensa local, radio<\/p>\n<p dir=\"ltr\">Bolet\u00edn mensual o trimestral de las act<\/p>\n<p dir=\"ltr\">Folletos en buzones, ayto&#8230;<\/p>\n<p dir=\"ltr\">Centros docentes, institutos, asociaciones de vecinos, edificio fuero, ayto<\/p>\n<p dir=\"ltr\">Tablones de anuncios<\/p>\n<p dir=\"ltr\">Buses, establecimientos y \u00f3rganos p\u00fablicos<\/p>\n<p dir=\"ltr\">Descuentos<\/p>\n<ol start=\"7\">\n<li>\n<p dir=\"ltr\">\u00bf TE PARECE LA FACTOR\u00cdA CULTURAL UN BUEN LUGAR PARA HACER EXPOSICIONES?<\/p>\n<\/li>\n<\/ol>\n<p dir=\"ltr\">El 77% ha dicho que si (27 pers), frente a un 14% que ha dicho que no (5 pers), a otro 9% le gustar\u00eda exponer alguno de sus proyectos (3 pers)<\/p>\n<ol start=\"8\">\n<li>\n<p dir=\"ltr\">\u00bf PARA QU\u00c9 EDADES CREES QUE EST\u00c1N ENFOCADAS LAS ACT DE LA FACTOR\u00cdA?<\/p>\n<\/li>\n<\/ol>\n<p dir=\"ltr\">El 3% piensa que para ni\u00f1os menores de 14 a\u00f1os (1 pers), El 23% de ni\u00f1os entre 14 y 21 a\u00f1os (8 pers), el 6% dice que es para m\u00e1s de 22 a\u00f1os (2 pers), el 63% piensa que es para gente de todas las edades y en otros han dicho que puede ser tanto para ni\u00f1os peque\u00f1os como para adultos mayores de 22 a\u00f1os<\/p>\n<ol start=\"9\">\n<li>\n<p dir=\"ltr\">\u00bfCON QU\u00c9 CLASE DE PUBLICIDAD CREES QUE LA GENTE SE SENTIR\u00cdA M\u00c1S ATRA\u00cdDA PARA IR A LAS EXPOSICIONES O TALLERES QUE ALL\u00cd SE REALIZAN?<\/p>\n<\/li>\n<\/ol>\n<p dir=\"ltr\">Anuncios a trav\u00e9s de internet, prensa, folletos<\/p>\n<p dir=\"ltr\">Publicidad atractiva, en el entorno de la factor\u00eda o en la puerta de ella para que la gente se anime a entrar y carteles en otros centros como la casa de la cultura, artes y oficios&#8230;. Ej: grandes fotograf\u00edas, sorteos relacionados con las propias exposiciones<\/p>\n<p dir=\"ltr\">Las redes sociales ya que atraen a los j\u00f3venes, medios inform\u00e1ticos, radio<\/p>\n<p dir=\"ltr\">Buzones<\/p>\n<p dir=\"ltr\">Spots televisivos, anuncios o cara a cara por la calle promocionados por alg\u00fan personaje o simbolog\u00eda p\u00fablica que captar\u00e1 la atenci\u00f3n<\/p>\n<p dir=\"ltr\">Comentarios de la gente<\/p>\n<p dir=\"ltr\">Meriendas y visitas guiadas a la factor\u00eda<\/p>\n<ol start=\"10\">\n<li>\n<p dir=\"ltr\">\u00bfCUALES SON TUS MAYORES INTERESES?<\/p>\n<\/li>\n<\/ol>\n<p dir=\"ltr\">Artes pl\u00e1sticas 21%, 7 pers<\/p>\n<p dir=\"ltr\">Artes visuales 29%, 10 pers<\/p>\n<p dir=\"ltr\">Deporte 15%, 5 pers<\/p>\n<p dir=\"ltr\">Costura 0%<\/p>\n<p dir=\"ltr\">Gastronom\u00eda 18%, 6 pers<\/p>\n<p dir=\"ltr\">Otros 18% , 6 pers, Ej: Idiomas, naturaleza y medio ambiente, ciencias,letras, m\u00fasica<\/p>\n","protected":false},"excerpt":{"rendered":"<p>RESULTADOS ENCUESTA FACTOR\u00cdA CULTURAL (36 ENTREVISTADOS) \u00bfCONOCES LA FACTOR\u00cdA CULTURAL? El 58% afirma que la conoce (21 pers) , el<\/p>\n","protected":false},"author":3,"featured_media":0,"comment_status":"open","ping_status":"open","sticky":false,"template":"","format":"standard","meta":{"spay_email":""},"categories":[18,30],"tags":[],"jetpack_featured_media_url":"","jetpack-related-posts":[{"id":530,"url":"https:\/\/retotmp.valnaloneduca.com\/?p=530","url_meta":{"origin":622,"position":0},"title":"Visita a la Factor\u00eda Cultural","date":"febrero 4, 2019","format":false,"excerpt":"Los retos propuestos por la Factor\u00eda Cultural han comenzado, como no pod\u00eda ser de otra manera, con una visita a las instalaciones. El objetivo era conocer los espacios y la programaci\u00f3n disponible. Recorrimos todos los espacios, las aulas de cer\u00e1mica, grabado y pintura, el cuarto de hornos el\u00e9ctricos y de\u2026","rel":"","context":"En \u00abIES N\u00ba 5\u00bb","img":{"alt_text":"","src":"https:\/\/i1.wp.com\/retotmp.valnaloneduca.com\/wp-content\/uploads\/2019\/02\/whatsapp-image-2019-02-04-at-12.02.23-2.jpeg?resize=350%2C200","width":350,"height":200},"classes":[]},{"id":646,"url":"https:\/\/retotmp.valnaloneduca.com\/?p=646","url_meta":{"origin":622,"position":1},"title":"Lluvia de ideas","date":"febrero 19, 2019","format":false,"excerpt":"Somos uno de los grupos de estudiantes del numero 5, el equipo WE ARE FREE, de primero de bachillerato D. Nuestra lluvia de ideas: Los fines de semana la gente joven en la factor\u00eda podr\u00eda disfrutrar acudiendo a CONCIERTOS de gente que llame la atenci\u00f3n y conocida. Para Divertirnos sin\u2026","rel":"","context":"En \u00abIES N\u00ba 5\u00bb","img":{"alt_text":"lluvia ideas","src":"https:\/\/i2.wp.com\/retotmp.valnaloneduca.com\/wp-content\/uploads\/2019\/02\/lluvia-ideas.jpg?resize=350%2C200","width":350,"height":200},"classes":[]},{"id":750,"url":"https:\/\/retotmp.valnaloneduca.com\/?p=750","url_meta":{"origin":622,"position":2},"title":"29 equipos...Infinitas ideas en la Factor\u00eda","date":"febrero 26, 2019","format":false,"excerpt":"En el IES N\u00ba 5 se han creado 29 equipos y durante la \u00faltima sesi\u00f3n cada uno ha propuesto 12 ideas para mejorar la programaci\u00f3n art\u00edstica y cultural de la Factor\u00eda as\u00ed como de la Noche Blanca para la edici\u00f3n del 2019.... as\u00ed es que tenemos.... \u00a1\u00a1\u00a1348 IDEAS!!! Una peque\u00f1a\u2026","rel":"","context":"En \u00abIES N\u00ba 5\u00bb","img":{"alt_text":"mindmap-2123973_960_720","src":"https:\/\/i2.wp.com\/retotmp.valnaloneduca.com\/wp-content\/uploads\/2019\/02\/mindmap-2123973_960_720.jpg?resize=350%2C200","width":350,"height":200},"classes":[]},{"id":586,"url":"https:\/\/retotmp.valnaloneduca.com\/?p=586","url_meta":{"origin":622,"position":3},"title":"Entrevista a Paula, integrante del P.A.T.I.O.","date":"febrero 11, 2019","format":false,"excerpt":"En la tarde del viernes 8 de febrero, nos desplazamos para conocer la postura y opiniones de Paula, una de las personas que forman parte del colectivo el P.A.T.I.O. Os dejamos aqu\u00ed la entrevista: -\u00bfConoces la Noche Blanca? + S\u00ed, nosotras desde el servicio de juventud llevamos varios a\u00f1os colaborando\u2026","rel":"","context":"En \u00abIES N\u00ba 5\u00bb","img":{"alt_text":"el patio","src":"https:\/\/i0.wp.com\/retotmp.valnaloneduca.com\/wp-content\/uploads\/2019\/02\/el-patio.jpeg?resize=350%2C200","width":350,"height":200},"classes":[]},{"id":926,"url":"https:\/\/retotmp.valnaloneduca.com\/?p=926","url_meta":{"origin":622,"position":4},"title":"Prototipos para la Factor\u00eda","date":"abril 3, 2019","format":false,"excerpt":"Durante estos d\u00edas ha sido un placer contar con la colaboraci\u00f3n de la directora de la Factor\u00eda Cultural para acercarse al IES N\u00ba 5 a intercambiar impresiones sobre las ideas trabajadas pero, sus responsabilidades y compromisos con la Factor\u00eda Cultural no ha permitido que pudiera presenciar todas las presentaciones. De\u2026","rel":"","context":"En \u00abIES N\u00ba 5\u00bb","img":{"alt_text":"","src":"https:\/\/i2.wp.com\/retotmp.valnaloneduca.com\/wp-content\/uploads\/2019\/04\/noche-blanca-total-1.png?resize=350%2C200","width":350,"height":200},"classes":[]},{"id":581,"url":"https:\/\/retotmp.valnaloneduca.com\/?p=581","url_meta":{"origin":622,"position":5},"title":"Encuesta a gente entre 14 y 21 a\u00f1os","date":"febrero 11, 2019","format":false,"excerpt":"Hemos realizado una encuesta a un total de 42 adolescentes de Avil\u00e9s. El 70% de la gente no conoc\u00eda la factoria cultural, la mayor\u00eda no pertenec\u00eda al instituto por lo que muchos de ellos desconoc\u00eda la existencia de sus actividades, es por eso que un 60% desconoce las actividades y\u2026","rel":"","context":"En \u00abIES N\u00ba 5\u00bb","img":{"alt_text":"","src":"","width":0,"height":0},"classes":[]}],"_links":{"self":[{"href":"https:\/\/retotmp.valnaloneduca.com\/index.php?rest_route=\/wp\/v2\/posts\/622"}],"collection":[{"href":"https:\/\/retotmp.valnaloneduca.com\/index.php?rest_route=\/wp\/v2\/posts"}],"about":[{"href":"https:\/\/retotmp.valnaloneduca.com\/index.php?rest_route=\/wp\/v2\/types\/post"}],"author":[{"embeddable":true,"href":"https:\/\/retotmp.valnaloneduca.com\/index.php?rest_route=\/wp\/v2\/users\/3"}],"replies":[{"embeddable":true,"href":"https:\/\/retotmp.valnaloneduca.com\/index.php?rest_route=%2Fwp%2Fv2%2Fcomments&post=622"}],"version-history":[{"count":0,"href":"https:\/\/retotmp.valnaloneduca.com\/index.php?rest_route=\/wp\/v2\/posts\/622\/revisions"}],"wp:attachment":[{"href":"https:\/\/retotmp.valnaloneduca.com\/index.php?rest_route=%2Fwp%2Fv2%2Fmedia&parent=622"}],"wp:term":[{"taxonomy":"category","embeddable":true,"href":"https:\/\/retotmp.valnaloneduca.com\/index.php?rest_route=%2Fwp%2Fv2%2Fcategories&post=622"},{"taxonomy":"post_tag","embeddable":true,"href":"https:\/\/retotmp.valnaloneduca.com\/index.php?rest_route=%2Fwp%2Fv2%2Ftags&post=622"}],"curies":[{"name":"wp","href":"https:\/\/api.w.org\/{rel}","templated":true}]}}