{"id":623,"date":"2019-02-17T21:59:08","date_gmt":"2019-02-17T21:59:08","guid":{"rendered":"https:\/\/retotmp.wordpress.com\/2019\/02\/17\/entrevista-taller-de-emprendimiento-valnalon\/"},"modified":"2019-02-17T21:59:08","modified_gmt":"2019-02-17T21:59:08","slug":"entrevista-taller-de-emprendimiento-valnalon","status":"publish","type":"post","link":"https:\/\/retotmp.valnaloneduca.com\/?p=623","title":{"rendered":"Entrevista taller de emprendimiento Valnal\u00f3n"},"content":{"rendered":"<p dir=\"ltr\" style=\"text-align:justify;\">Conclusiones de la Entrevista:<\/p>\n<p dir=\"ltr\"><img loading=\"lazy\" class=\"alignnone size-full wp-image-678\" src=\"https:\/\/i0.wp.com\/retotmp.valnaloneduca.com\/wp-content\/uploads\/2019\/02\/aesgaya.jpg?resize=585%2C585\" alt=\"aesgaya\" width=\"585\" height=\"585\" srcset=\"https:\/\/i0.wp.com\/retotmp.valnaloneduca.com\/wp-content\/uploads\/2019\/02\/aesgaya.jpg?w=585&amp;ssl=1 585w, https:\/\/i0.wp.com\/retotmp.valnaloneduca.com\/wp-content\/uploads\/2019\/02\/aesgaya.jpg?resize=300%2C300&amp;ssl=1 300w, https:\/\/i0.wp.com\/retotmp.valnaloneduca.com\/wp-content\/uploads\/2019\/02\/aesgaya.jpg?resize=150%2C150&amp;ssl=1 150w, https:\/\/i0.wp.com\/retotmp.valnaloneduca.com\/wp-content\/uploads\/2019\/02\/aesgaya.jpg?resize=100%2C100&amp;ssl=1 100w\" sizes=\"(max-width: 585px) 100vw, 585px\" data-recalc-dims=\"1\" \/><\/p>\n<p dir=\"ltr\" style=\"text-align:justify;\">Tras hablar con Pelayo, de la asociaci\u00f3n A Esgaya &#8211; Integraci\u00f3n Social, hemos podido extraer algunas conclusiones:<\/p>\n<p dir=\"ltr\" style=\"text-align:justify;\">Para empezar, le preguntamos sobre los medios art\u00edsticos en los que m\u00e1s inter\u00e9s nota que manifiestan los j\u00f3venes con los que trabaja. Si bien nos dijo que era importante tener una amplia variedad de opciones y tratar de abarcar todos los g\u00e9neros, pues los gustos var\u00edan mucho de una persona a otra, y eso es algo que hemos de tener muy en cuenta, s\u00ed que mencion\u00f3 que la m\u00fasica tiene una mayor tendencia a ser un denominador com\u00fan en los gustos. A este respecto, coment\u00f3 que las batallas de gallos, de rap, est\u00e1n teniendo bastante \u00e9xito. y que podr\u00eda ser interesante hacer actividades relacionadas, como talleres de escritura creativa. En relaci\u00f3n tambi\u00e9n a esto, hablamos sobre el arte urbano, que es un sector que se suele dejar de lado a pesar del inter\u00e9s que suscita, y la importancia de fomentar las actividades relacionadas con \u00e9l y a \u201cdesmitificarlo\u201d, debido a la visi\u00f3n negativa que se suele tener de \u00e9l. Tambi\u00e9n coment\u00f3, en relaci\u00f3n al tema de la cinematograf\u00eda, que los talleres de cortos suelen tener cierto \u00e9xito, y que es interesante aprovechar el hecho de que ahora todos llevamos una c\u00e1mara con nosotros, en el m\u00f3vil.<\/p>\n<p dir=\"ltr\" style=\"text-align:justify;\">Cuando les preguntamos sobre las actividades que m\u00e1s \u00e9xito ten\u00edan entre las que organizaban, respondi\u00f3 que lo que ellos hacen no es ofrecer una serie de actividades concretas y cerradas, sino que preguntan y escuchan directamente a los j\u00f3venes sobre las actividades que quieren que organicen. Algo similar a lo que est\u00e1n haciendo algunos de nuestros compa\u00f1eros, con las encuestas en Internet.<\/p>\n<p dir=\"ltr\" style=\"text-align:justify;\">Nos dijo que a la hora de organizar estas actividades lo primero que hay que tener en cuenta, y es algo que hay que tener muy claro, es al p\u00fablico al que te diriges, al sector de la poblaci\u00f3n al que est\u00e1 enfocada. No limitarse a simplemente a pensar en una franja de edad, por ejemplo, pues dentro de la misma hay gente muy variada, y tampoco desesperarse al ver que una actividad que sobre el papel deber\u00eda atraer a mucha gente al final no hace venir a casi nadie.<\/p>\n<p dir=\"ltr\" style=\"text-align:justify;\">Tambi\u00e9n es importante tener en cuenta otras muchas variables como el lugar donde se van a hacer los diferentes eventos, los medios de transporte que hasta \u00e9l conducen y sus horarios (dado que no todos los potenciales asistentes al evento se desplazan en un coche particular) as\u00ed como los gustos espec\u00edficos de la gente que, por proximidad, va a acudir en contraposici\u00f3n con los del p\u00fablico general.<\/p>\n<p dir=\"ltr\" style=\"text-align:justify;\">Por \u00faltimo, nos recomend\u00f3 como mejor medio de difusi\u00f3n el \u201cboca a boca\u201d, difundir la informaci\u00f3n sobre el evento a partir de la comunicaci\u00f3n entre individuos que a su vez se la vayan contando a otros individuos. Nos dijo tambi\u00e9n que es importante la presencia en el mundo virtual, en especial el de las redes sociales, que es donde se suele mover la gente de la franja de poblaci\u00f3n que tendremos en cuenta para este proyecto. Nos recomend\u00f3, a este respecto, la red social \u201cInstagram\u201d dado que es la que hoy en d\u00eda m\u00e1s gente joven usa de manera activa en Espa\u00f1a (aunque ser\u00eda recomendable tener presencia en otras m\u00e1s). Sobre las redes sociales nos dijo que un error muy com\u00fan es publicitar eventos (sobre todo aquellos que son de car\u00e1cter p\u00fablico) a trav\u00e9s de cuentas oficiales con poco seguimiento real como podr\u00eda ser la del Ayuntamiento de Avil\u00e9s y que lo que se deber\u00eda hacer es que cada uno de los organizadores del evento (en especial aquellos con un n\u00famero considerable de seguidores) publiquen en sus cuentas personales la informaci\u00f3n correspondiente.<\/p>\n","protected":false},"excerpt":{"rendered":"<p>Conclusiones de la Entrevista: Tras hablar con Pelayo, de la asociaci\u00f3n A Esgaya &#8211; Integraci\u00f3n Social, hemos podido extraer algunas<\/p>\n","protected":false},"author":3,"featured_media":0,"comment_status":"open","ping_status":"open","sticky":false,"template":"","format":"standard","meta":{"spay_email":""},"categories":[18,30],"tags":[],"jetpack_featured_media_url":"","jetpack-related-posts":[{"id":1193,"url":"https:\/\/retotmp.valnaloneduca.com\/?p=1193","url_meta":{"origin":623,"position":0},"title":"Orgullosos de ser del Magdalena","date":"mayo 28, 2019","format":false,"excerpt":"Las primeras conclusiones de los cuestionarios nos abren la puerta al real sentimiento de pertenencia de la comunidad educativa. A pesar de tener una peque\u00f1a muestra, y recordar que no debemos precepitarnos en sacar conclusiones precipitadas, si podemos aventurarnos a exponer un resumen de la informaci\u00f3n recogida: La mayor parte\u2026","rel":"","context":"En \u00abIES Magdalena\u00bb","img":{"alt_text":"magdalena","src":"https:\/\/i0.wp.com\/retotmp.valnaloneduca.com\/wp-content\/uploads\/2019\/05\/magdalena.jpg?resize=350%2C200","width":350,"height":200},"classes":[]},{"id":641,"url":"https:\/\/retotmp.valnaloneduca.com\/?p=641","url_meta":{"origin":623,"position":1},"title":"ENTREVISTA A UN FAMILIAR","date":"febrero 18, 2019","format":false,"excerpt":"EQUIPO QUEENS. Entrevista realizada a un familiar de una compa\u00f1era: - \u00bfCu\u00e1les son tus gustos y que crees que les interesa a los j\u00f3venes? - A m\u00ed me gusta mucho un tipo de m\u00fasica llamado rap y este tipo de m\u00fasica les suele gustar tambi\u00e9n a los j\u00f3venes ya que\u2026","rel":"","context":"En \u00abIES N\u00ba 5\u00bb","img":{"alt_text":"","src":"","width":0,"height":0},"classes":[]},{"id":739,"url":"https:\/\/retotmp.valnaloneduca.com\/?p=739","url_meta":{"origin":623,"position":2},"title":"Entrevista a gente joven (amigos)","date":"febrero 25, 2019","format":false,"excerpt":"Tras nuestras entrevistas a gente joven de nuestros c\u00edrculos m\u00e1s cercanos (amigos) residentes en Avil\u00e9s e interesados en las actividades relacionadas con el arte, como las ofrecidas en la Factor\u00eda Cultural, hemos sacado las siguientes conclusiones: Los preguntados han mostrado un inter\u00e9s principal en las artes denominadas gr\u00e1ficas como la\u2026","rel":"","context":"En \u00abIES N\u00ba 5\u00bb","img":{"alt_text":"hands-1445244_960_720","src":"https:\/\/i2.wp.com\/retotmp.valnaloneduca.com\/wp-content\/uploads\/2019\/02\/hands-1445244_960_720.jpg?resize=350%2C200","width":350,"height":200},"classes":[]},{"id":647,"url":"https:\/\/retotmp.valnaloneduca.com\/?p=647","url_meta":{"origin":623,"position":3},"title":"SE\u00d1ALIZANDO","date":"febrero 20, 2019","format":false,"excerpt":"Hemos estado trabajando en esta segunda sesi\u00f3n exprimiendo las diferentes ENTREVISTAS que han elaborado el alumnado. Sacamos conclusiones muy positivas y acciones ha realizar en el centro. los grupos se ha puesto a ello y han realizado una TORMENTA DE IDEAS para acercarse a las soluciones que van a tener\u2026","rel":"","context":"En \u00abIES Rey Pelayo\u00bb","img":{"alt_text":"","src":"https:\/\/i2.wp.com\/retotmp.valnaloneduca.com\/wp-content\/uploads\/2019\/02\/trabajando.jpg?resize=350%2C200","width":350,"height":200},"classes":[]},{"id":2285,"url":"https:\/\/retotmp.valnaloneduca.com\/?p=2285","url_meta":{"origin":623,"position":4},"title":"CIFP LABORAL GIJ\u00d3N 2022-23","date":"noviembre 14, 2022","format":false,"excerpt":"En los meses de noviembre y diciembre realizamos\u00a0dos RETOS de Taller para Emprender (tmp) en el CIFP LA LABORAL de Gij\u00f3n. Hemos empezado\u00a0el primer RETO\u00a0con el alumnado del\u00a0CFGM Gesti\u00f3n Administrativa, tutorizado por su profesora de econom\u00eda\u00a0Teresa \u00c1lvarez\u00a0Casta\u00f1\u00f3n. En\u00a0la primera sesi\u00f3n\u00a0la profesora les ha definido, al alumnado, el\u00a0RETO\u00a0que tienen que trabajar\u2026","rel":"","context":"En \u00abCIFP LA LABORAL GIJ\u00d3N 2022-23\u00bb","img":{"alt_text":"","src":"https:\/\/i2.wp.com\/retotmp.valnaloneduca.com\/wp-content\/uploads\/2022\/11\/Pizarra.jpg?resize=350%2C200&ssl=1","width":350,"height":200},"classes":[]},{"id":688,"url":"https:\/\/retotmp.valnaloneduca.com\/?p=688","url_meta":{"origin":623,"position":5},"title":"Decenas de entrevistas, decenas de ideas...","date":"febrero 20, 2019","format":false,"excerpt":"En tan s\u00f3lo 3 sesiones de trabajo con los estudiantes de 1\u00ba Bachillerato del IES N\u00aa 5 ya han surgido decenas de ideas para presentar a la Facotor\u00eda Cultural de Avil\u00e9s. A\u00fan est\u00e1n por madurar y perfilar pero, ya tenemos una primera aproximaci\u00f3n a los futuros prototipos que presentaremos. Seguiendo\u2026","rel":"","context":"En \u00abIES N\u00ba 5\u00bb","img":{"alt_text":"Designthinking","src":"https:\/\/i1.wp.com\/retotmp.valnaloneduca.com\/wp-content\/uploads\/2019\/02\/designthinking.png?resize=350%2C200","width":350,"height":200},"classes":[]}],"_links":{"self":[{"href":"https:\/\/retotmp.valnaloneduca.com\/index.php?rest_route=\/wp\/v2\/posts\/623"}],"collection":[{"href":"https:\/\/retotmp.valnaloneduca.com\/index.php?rest_route=\/wp\/v2\/posts"}],"about":[{"href":"https:\/\/retotmp.valnaloneduca.com\/index.php?rest_route=\/wp\/v2\/types\/post"}],"author":[{"embeddable":true,"href":"https:\/\/retotmp.valnaloneduca.com\/index.php?rest_route=\/wp\/v2\/users\/3"}],"replies":[{"embeddable":true,"href":"https:\/\/retotmp.valnaloneduca.com\/index.php?rest_route=%2Fwp%2Fv2%2Fcomments&post=623"}],"version-history":[{"count":0,"href":"https:\/\/retotmp.valnaloneduca.com\/index.php?rest_route=\/wp\/v2\/posts\/623\/revisions"}],"wp:attachment":[{"href":"https:\/\/retotmp.valnaloneduca.com\/index.php?rest_route=%2Fwp%2Fv2%2Fmedia&parent=623"}],"wp:term":[{"taxonomy":"category","embeddable":true,"href":"https:\/\/retotmp.valnaloneduca.com\/index.php?rest_route=%2Fwp%2Fv2%2Fcategories&post=623"},{"taxonomy":"post_tag","embeddable":true,"href":"https:\/\/retotmp.valnaloneduca.com\/index.php?rest_route=%2Fwp%2Fv2%2Ftags&post=623"}],"curies":[{"name":"wp","href":"https:\/\/api.w.org\/{rel}","templated":true}]}}