{"id":624,"date":"2019-02-18T08:59:10","date_gmt":"2019-02-18T08:59:10","guid":{"rendered":"https:\/\/retotmp.wordpress.com\/?p=624"},"modified":"2019-02-18T08:59:10","modified_gmt":"2019-02-18T08:59:10","slug":"creando","status":"publish","type":"post","link":"https:\/\/retotmp.valnaloneduca.com\/?p=624","title":{"rendered":"CREANDO"},"content":{"rendered":"<p>Hemos realizado la siguiente sesi\u00f3n metiendonos de lleno con la metodologia.<\/p>\n<p><img loading=\"lazy\" src=\"https:\/\/i0.wp.com\/retotmp.valnaloneduca.com\/wp-content\/uploads\/2019\/02\/d-t.jpg?resize=300%2C225\" alt=\"\" width=\"300\" height=\"225\" class=\"alignright size-medium wp-image-625\" data-recalc-dims=\"1\" \/><\/p>\n<p>Realizamos una din\u00e1mica para crear equipo donde han construido, cada uno, una torre con materales definidos y con tiempo establecido.<\/p>\n<p><img loading=\"lazy\" src=\"https:\/\/i1.wp.com\/retotmp.valnaloneduca.com\/wp-content\/uploads\/2019\/02\/blog1.jpg?resize=300%2C112\" alt=\"\" width=\"300\" height=\"112\" class=\"alignright size-medium wp-image-626\" srcset=\"https:\/\/i1.wp.com\/retotmp.valnaloneduca.com\/wp-content\/uploads\/2019\/02\/blog1.jpg?w=779&amp;ssl=1 779w, https:\/\/i1.wp.com\/retotmp.valnaloneduca.com\/wp-content\/uploads\/2019\/02\/blog1.jpg?resize=300%2C112&amp;ssl=1 300w, https:\/\/i1.wp.com\/retotmp.valnaloneduca.com\/wp-content\/uploads\/2019\/02\/blog1.jpg?resize=768%2C287&amp;ssl=1 768w\" sizes=\"(max-width: 300px) 100vw, 300px\" data-recalc-dims=\"1\" \/><\/p>\n<p><img loading=\"lazy\" src=\"https:\/\/i0.wp.com\/retotmp.valnaloneduca.com\/wp-content\/uploads\/2019\/02\/blog2.jpg?resize=300%2C280\" alt=\"\" width=\"300\" height=\"280\" class=\"alignright size-medium wp-image-627\" srcset=\"https:\/\/i0.wp.com\/retotmp.valnaloneduca.com\/wp-content\/uploads\/2019\/02\/blog2.jpg?w=458&amp;ssl=1 458w, https:\/\/i0.wp.com\/retotmp.valnaloneduca.com\/wp-content\/uploads\/2019\/02\/blog2.jpg?resize=300%2C280&amp;ssl=1 300w\" sizes=\"(max-width: 300px) 100vw, 300px\" data-recalc-dims=\"1\" \/><\/p>\n<p>Estrujamos las entrevistas, que han traido el alumnado, para acercarnos al p\u00fablico objetivo demandado.<\/p>\n<p>Han salido cosas muy interesantes donde la salud se impone al gusto y la innovaci\u00f3n de nuevos productos y la comercializaci\u00f3n de otros van a jugar una parte importante de las soluciones al RETO.<\/p>\n<p>Surge nuevos p\u00fablicos a donde dirigir las ideas de comercializaci\u00f3n como son los celiacos,veganos&#8230;<\/p>\n<p>Hemos visto que, seg\u00fan la empresa de estudios de mercado Nielsen en Europa, los vegetarianos representan un 5%, igual que los intolerantes a la lactosa, un punto por encima de los celiacos (4%), y tres m\u00e1s que los veganos (2%). Concretamente, en Espa\u00f1a, los vegetarianos podr\u00edan llegar ya a los 707.850, seg\u00fan estima la Encuesta Nacional de Ingesta Diet\u00e9tica Espa\u00f1ola 2011, donde se refleja que el 1,5% de la poblaci\u00f3n no come carne ni pescado.<\/p>\n<p>El alumnado est\u00e1 muy motivado y empieza a ver las posibilidades que tiene dicha metodologia para acercarse a su objetivo.<\/p>\n<p><img loading=\"lazy\" src=\"https:\/\/i1.wp.com\/retotmp.valnaloneduca.com\/wp-content\/uploads\/2019\/02\/pizarra-2.jpg?resize=300%2C225\" alt=\"\" width=\"300\" height=\"225\" class=\"alignright size-medium wp-image-628\" data-recalc-dims=\"1\" \/><\/p>\n<p>Para la siguiente sesi\u00f3n traeran ya unas ideas definidas para ir dando forma y aprender a comunicarlas.<\/p>\n","protected":false},"excerpt":{"rendered":"<p>Hemos realizado la siguiente sesi\u00f3n metiendonos de lleno con la metodologia. Realizamos una din\u00e1mica para crear equipo donde han construido,<\/p>\n","protected":false},"author":3,"featured_media":0,"comment_status":"open","ping_status":"open","sticky":false,"template":"","format":"standard","meta":{"spay_email":""},"categories":[7,30],"tags":[],"jetpack_featured_media_url":"","jetpack-related-posts":[{"id":902,"url":"https:\/\/retotmp.valnaloneduca.com\/?p=902","url_meta":{"origin":624,"position":0},"title":"AVELLANA=PILO\u00d1A RETO CF","date":"abril 1, 2019","format":false,"excerpt":"El mi\u00e9rcoles comenzamos nuevo curso en el IES INFIESTO. Daremos un curso para los ciclos formativos de administraci\u00f3n y electricidad y dos cursos para los bachilleres. Ya tenemos definido el primer RETO dirigido a los ciclos basado en buscar acciones para potenciar la recogida y la comercializaci\u00f3n de la avellana\u2026","rel":"","context":"En \u00abIES Infiesto\u00bb","img":{"alt_text":"","src":"","width":0,"height":0},"classes":[]},{"id":2342,"url":"https:\/\/retotmp.valnaloneduca.com\/?p=2342","url_meta":{"origin":624,"position":1},"title":"NORJOMI 2022-23","date":"marzo 8, 2023","format":false,"excerpt":"Comenzamos un RETO que realizaremos a lo largo de este mes de marzo en NORJOMI-Asociaci\u00f3n Cultural Norte Joven Mieres, con el proyecto Joven Oc\u00fapate, que lo gestiona Irene Granda Gonz\u00e1lez . El alumnado que lo va a recibir ser\u00e1 el grupo Grabaci\u00f3n de datos. El RETO nos lo define Marcos\u2026","rel":"","context":"En \u00abCurso 2022-2023\u00bb","img":{"alt_text":"","src":"https:\/\/i2.wp.com\/retotmp.valnaloneduca.com\/wp-content\/uploads\/2023\/03\/20230307_141413.jpg?resize=350%2C200&ssl=1","width":350,"height":200},"classes":[]},{"id":983,"url":"https:\/\/retotmp.valnaloneduca.com\/?p=983","url_meta":{"origin":624,"position":2},"title":"DENOMINACI\u00d3N DE ORIGEN YA-RETO CF","date":"abril 10, 2019","format":false,"excerpt":"Hemos realizado la ultima sesi\u00f3n y el alumnado a expuesto sus soluciones a su profesora de FOL. Tras sacarle jugo a las entrevistas, realizamos una tormenta de ideas y los estudiantes eligieron las mejores. A partir de la selecci\u00f3n, las desarrollaron y realizaron un power point para comunicarselas a su\u2026","rel":"","context":"En \u00abIES Infiesto\u00bb","img":{"alt_text":"","src":"https:\/\/i0.wp.com\/retotmp.valnaloneduca.com\/wp-content\/uploads\/2019\/04\/pizarra-1.jpg?resize=350%2C200","width":350,"height":200},"classes":[]},{"id":2285,"url":"https:\/\/retotmp.valnaloneduca.com\/?p=2285","url_meta":{"origin":624,"position":3},"title":"CIFP LABORAL GIJ\u00d3N 2022-23","date":"noviembre 14, 2022","format":false,"excerpt":"En los meses de noviembre y diciembre realizamos\u00a0dos RETOS de Taller para Emprender (tmp) en el CIFP LA LABORAL de Gij\u00f3n. Hemos empezado\u00a0el primer RETO\u00a0con el alumnado del\u00a0CFGM Gesti\u00f3n Administrativa, tutorizado por su profesora de econom\u00eda\u00a0Teresa \u00c1lvarez\u00a0Casta\u00f1\u00f3n. En\u00a0la primera sesi\u00f3n\u00a0la profesora les ha definido, al alumnado, el\u00a0RETO\u00a0que tienen que trabajar\u2026","rel":"","context":"En \u00abCIFP LA LABORAL GIJ\u00d3N 2022-23\u00bb","img":{"alt_text":"","src":"https:\/\/i2.wp.com\/retotmp.valnaloneduca.com\/wp-content\/uploads\/2022\/11\/Pizarra.jpg?resize=350%2C200&ssl=1","width":350,"height":200},"classes":[]},{"id":2027,"url":"https:\/\/retotmp.valnaloneduca.com\/?p=2027","url_meta":{"origin":624,"position":4},"title":"COLEGIO LA COROLLA GIJ\u00d3N 2020-21","date":"mayo 10, 2021","format":false,"excerpt":"En el mes de abril realizamos\u00a0 un RETO ON LINE de Taller para Emprender (tmp) en el COLEGIO LA COROLLA de Gij\u00f3n. En\u00a0la primera sesi\u00f3n\u00a0ha definido el RETO\u00a0 su profesora de econom\u00eda , para que vean lo que tienen que trabajar durante estas sesiones. El\u00a0reto\u00a0se basa en\u00a0buscar ideas nuevas para\u2026","rel":"","context":"En \u00abColegio Corolla 2020-2021\u00bb","img":{"alt_text":"","src":"https:\/\/i2.wp.com\/retotmp.valnaloneduca.com\/wp-content\/uploads\/2021\/05\/almn-trabajando-blog.jpg?resize=350%2C200&ssl=1","width":350,"height":200},"classes":[]},{"id":2541,"url":"https:\/\/retotmp.valnaloneduca.com\/?p=2541","url_meta":{"origin":624,"position":5},"title":"CIFP LA LABORAL 2023-24","date":"octubre 26, 2023","format":false,"excerpt":"En los meses de noviembre y diciembre realizaremos\u00a0dos RETOS de Taller para Emprender (tmp) en el CIFP LA LABORAL de Gij\u00f3n. Hemos empezado\u00a0el primer RETO\u00a0con el alumnado del\u00a0CFGM Gesti\u00f3n Administrativa, tutorizado por Jos\u00e9 Manuel Fern\u00e1ndez Busto, Jefe de departamento de Administraci\u00f3n y Gesti\u00f3n-Coordinador de bienestar y por su profesora de\u2026","rel":"","context":"En \u00abCIFP LA LABORAL GIJ\u00d3N 2023-24\u00bb","img":{"alt_text":"","src":"https:\/\/i2.wp.com\/retotmp.valnaloneduca.com\/wp-content\/uploads\/2023\/11\/Imagen1.jpg?resize=350%2C200&ssl=1","width":350,"height":200},"classes":[]}],"_links":{"self":[{"href":"https:\/\/retotmp.valnaloneduca.com\/index.php?rest_route=\/wp\/v2\/posts\/624"}],"collection":[{"href":"https:\/\/retotmp.valnaloneduca.com\/index.php?rest_route=\/wp\/v2\/posts"}],"about":[{"href":"https:\/\/retotmp.valnaloneduca.com\/index.php?rest_route=\/wp\/v2\/types\/post"}],"author":[{"embeddable":true,"href":"https:\/\/retotmp.valnaloneduca.com\/index.php?rest_route=\/wp\/v2\/users\/3"}],"replies":[{"embeddable":true,"href":"https:\/\/retotmp.valnaloneduca.com\/index.php?rest_route=%2Fwp%2Fv2%2Fcomments&post=624"}],"version-history":[{"count":0,"href":"https:\/\/retotmp.valnaloneduca.com\/index.php?rest_route=\/wp\/v2\/posts\/624\/revisions"}],"wp:attachment":[{"href":"https:\/\/retotmp.valnaloneduca.com\/index.php?rest_route=%2Fwp%2Fv2%2Fmedia&parent=624"}],"wp:term":[{"taxonomy":"category","embeddable":true,"href":"https:\/\/retotmp.valnaloneduca.com\/index.php?rest_route=%2Fwp%2Fv2%2Fcategories&post=624"},{"taxonomy":"post_tag","embeddable":true,"href":"https:\/\/retotmp.valnaloneduca.com\/index.php?rest_route=%2Fwp%2Fv2%2Ftags&post=624"}],"curies":[{"name":"wp","href":"https:\/\/api.w.org\/{rel}","templated":true}]}}