{"id":639,"date":"2019-02-18T17:25:14","date_gmt":"2019-02-18T17:25:14","guid":{"rendered":"https:\/\/retotmp.wordpress.com\/2019\/02\/18\/entrevista-a-entrenadora-deportiva\/"},"modified":"2019-02-18T17:25:14","modified_gmt":"2019-02-18T17:25:14","slug":"entrevista-a-entrenadora-deportiva","status":"publish","type":"post","link":"https:\/\/retotmp.valnaloneduca.com\/?p=639","title":{"rendered":"ENTREVISTA A ENTRENADORA DEPORTIVA"},"content":{"rendered":"<p style=\"text-align:justify;\">Entrevistamos a Mar\u00eda Priscilla Schlegel, entrenadora de atletismo y licenciada en INEF, sobre algunos aspectos de los j\u00f3venes.<\/p>\n<p><img loading=\"lazy\" class=\"alignnone size-full wp-image-673\" src=\"https:\/\/i2.wp.com\/retotmp.valnaloneduca.com\/wp-content\/uploads\/2019\/02\/atletismo-1.png?resize=512%2C341\" alt=\"atletismo\" width=\"512\" height=\"341\" srcset=\"https:\/\/i2.wp.com\/retotmp.valnaloneduca.com\/wp-content\/uploads\/2019\/02\/atletismo-1.png?w=512&amp;ssl=1 512w, https:\/\/i2.wp.com\/retotmp.valnaloneduca.com\/wp-content\/uploads\/2019\/02\/atletismo-1.png?resize=300%2C200&amp;ssl=1 300w\" sizes=\"(max-width: 512px) 100vw, 512px\" data-recalc-dims=\"1\" \/><\/p>\n<p style=\"text-align:justify;\"><strong>P: \u00bfQu\u00e9 motiva a los j\u00f3venes?<\/strong><\/p>\n<p style=\"text-align:justify;\">R: Depende. Siempre depende, de la edad de la que estemos hablando, del entorno, del nivel deportivo en el que estemos entrenando&#8230;.<\/p>\n<p style=\"text-align:justify;\">Normalmente quien realiza una actividad deportiva como actividad extra escolar es porque esta es una motivaci\u00f3n en s\u00ed misma. Es cierto que en funci\u00f3n de la edad y del nivel de rendimiento la motivaci\u00f3n var\u00eda. Los deportistas amateurs por lo general no tienen el deporte como m\u00e1xima prioridad ya que hay otros componentes que les motivan a la par o por encima de este, c\u00f3mo bien pueden ser la vida social, otra actividad deportiva o cultural&#8230;.<\/p>\n<p style=\"text-align:justify;\">La edad va ligada al factor anterior adem\u00e1s de a las obligaciones escolares, familiares, sociales&#8230;etc. Un ni\u00f1o\/a por lo general no tiene otras prioridades despu\u00e9s de ir al colegio que ir a jugar\/entrenar (dando por sentado las obligaciones escolares). A medida que estos ni\u00f1os\/as crecen, van apareciendo nuevas opciones que les motivan y cambian sus intereses y esto por ejemplo es uno de las claves por las que a medida aumentan las categor\u00edas y las licencias bajan.<\/p>\n<p style=\"text-align:justify;\">Como conclusi\u00f3n en mi experiencia hay una cosa que SIEMPRE motiva indistintamente de la edad o del rendimiento. LA COMPETICI\u00d3N.<\/p>\n<p style=\"text-align:justify;\">Todos los alumnos\/as siempre quieren jugar, siempre quieren competir. Les motiva la acci\u00f3n general y rara vez las actividades anal\u00edticas.<\/p>\n<p style=\"text-align:justify;\"><strong>P: \u00bfCu\u00e1l es su mentalidad hacia cosas nuevas (son reacios, les pica la curiosidad&#8230;)?<\/strong><\/p>\n<p style=\"text-align:justify;\">R: Aunque parezca una contradicci\u00f3n, los humanos somos animales de costumbre y los cambios son siempre una cosa \u201cnegativa\u201d ya que cambia la rutina, hace salir de la zona de confort y hace trabajar al cerebro. Pero, a su vez, las nuevas propuestas siempre son bienvenidas en el entorno Juvenil. Una vez que superan ese primer paso de afrontar una cosa NUEVA, les gustan los cambios y les estimulan los nuevos retos.<\/p>\n<p style=\"text-align:justify;\"><strong>P: Para usted, \u00bfcu\u00e1les son las razones por las que generalmente los j\u00f3venes deciden invertir su tiempo libre en actividades deportivas o en clases particulares antes que en las art\u00edsticas o culturales?<\/strong><\/p>\n<p style=\"text-align:justify;\">R: Considero que la inversi\u00f3n del tiempo libre en clases particulares m\u00e1s que una opci\u00f3n sea una obligaci\u00f3n ya que seguramente sea una condici\u00f3n necesaria para poder pasar una asignatura.<\/p>\n<p style=\"text-align:justify;\">En cuanto al deporte, es bien sabido que la actividad f\u00edsica libera endorfinas y hace sentir bien a quien lo practica. Seguramente tambi\u00e9n sea una cuesti\u00f3n social ya que es muy com\u00fan que los alumnos practiquen alg\u00fan tipo de deporte extra escolar a lo largo de su vida. Por \u00faltimo creo que la pr\u00e1ctica de un deporte o las clases particulares no est\u00e1n re\u00f1idas con las actividades art\u00edsticas o culturales. Bajo mi opini\u00f3n personal quiz\u00e1s la oferta de estas actividades sea muy inferior a la oferta de actividades deportivas y bien por desconocimiento o falta de oportunidades haya menos alumnos en este campo.<\/p>\n<p style=\"text-align:justify;\"><strong>P: \u00bfHa participado en alguna actividad art\u00edstica y\/o cultural? En caso afirmativo, describa su experiencia.<\/strong><\/p>\n<p style=\"text-align:justify;\">He participado en actividades art\u00edsticas y culturales con el colegio o instituto o incluso con la universidad. Fuera del \u00e1mbito escolar nada m\u00e1s all\u00e1 de conciertos, visitas a museos, ciudades&#8230;etc.<\/p>\n<p style=\"text-align:justify;\">Siempre ha sido una experiencia positiva, aunque en algunos casos un poco mon\u00f3tona.<\/p>\n<p style=\"text-align:justify;\"><strong>R: \u00bfCree que fomentar este tipo de actividades ayudar\u00eda a que cada vez m\u00e1s j\u00f3venes se involucren y participen en ellas?<\/strong><\/p>\n<p style=\"text-align:justify;\">Desde luego que s\u00ed. Todos, pero en especial los j\u00f3venes necesitan probar y experimentar nuevas actividades para que les entre el gusanillo.<\/p>\n<p style=\"text-align:justify;\">En el \u00e1mbito deportivo al inicio del curso se realizan jornadas de prueba gratuitas donde los alumnos pueden probar uno o dos entrenamientos antes de decidir si quieren realizar ella actividad. Normalmente estas jornadas se han anunciado antes por colegios y centros deportivos para \u201ccaptar\u201d al mayor n\u00famero de personas posibles.<\/p>\n<p style=\"text-align:justify;\">Es una de las estrategias que se siguen desde hace mucho tiempo y tiene unos resultados muy positivos.<\/p>\n<p style=\"text-align:justify;\">A partir de esta entrevista, hemos comprendido que los j\u00f3venes no se apuntan de primeras a cosas nuevas o poco comunes por ser algo diferente a aquello por lo que ellos se mueven normalmente y porque la oferta es muy inferior, se promociona poco. Luego estas actividades deben ser din\u00e1micas y entrenidas para que una vez las hayan probado se \u201cenganchen\u201d. Seguramente sea positivo el promocionar encarecidamente estas actividades y ofrecer unos d\u00edas de prueba para que decidan si se animan o no.<\/p>\n<p style=\"text-align:justify;\">\n","protected":false},"excerpt":{"rendered":"<p>Entrevistamos a Mar\u00eda Priscilla Schlegel, entrenadora de atletismo y licenciada en INEF, sobre algunos aspectos de los j\u00f3venes. P: \u00bfQu\u00e9<\/p>\n","protected":false},"author":3,"featured_media":0,"comment_status":"open","ping_status":"open","sticky":false,"template":"","format":"standard","meta":{"spay_email":""},"categories":[18,30],"tags":[],"jetpack_featured_media_url":"","jetpack-related-posts":[{"id":646,"url":"https:\/\/retotmp.valnaloneduca.com\/?p=646","url_meta":{"origin":639,"position":0},"title":"Lluvia de ideas","date":"febrero 19, 2019","format":false,"excerpt":"Somos uno de los grupos de estudiantes del numero 5, el equipo WE ARE FREE, de primero de bachillerato D. Nuestra lluvia de ideas: Los fines de semana la gente joven en la factor\u00eda podr\u00eda disfrutrar acudiendo a CONCIERTOS de gente que llame la atenci\u00f3n y conocida. Para Divertirnos sin\u2026","rel":"","context":"En \u00abIES N\u00ba 5\u00bb","img":{"alt_text":"lluvia ideas","src":"https:\/\/i2.wp.com\/retotmp.valnaloneduca.com\/wp-content\/uploads\/2019\/02\/lluvia-ideas.jpg?resize=350%2C200","width":350,"height":200},"classes":[]},{"id":575,"url":"https:\/\/retotmp.valnaloneduca.com\/?p=575","url_meta":{"origin":639,"position":1},"title":"Entrevistas a Asociaci\u00f3n Juvenil","date":"febrero 10, 2019","format":false,"excerpt":"La primera entrevista es al presidente de la asociaci\u00f3n juvenil y la segunda a tres miembros de la asociaci\u00f3n de nuestra edad. + Hola, las preguntas son sobre la noche blanca que hay en Avil\u00e9s. \u00bfConoces la noches blanca? - Si, lo de las exposiciones de arte nocturnas y tal\u2026","rel":"","context":"En \u00abIES N\u00ba 5\u00bb","img":{"alt_text":"","src":"","width":0,"height":0},"classes":[]},{"id":750,"url":"https:\/\/retotmp.valnaloneduca.com\/?p=750","url_meta":{"origin":639,"position":2},"title":"29 equipos...Infinitas ideas en la Factor\u00eda","date":"febrero 26, 2019","format":false,"excerpt":"En el IES N\u00ba 5 se han creado 29 equipos y durante la \u00faltima sesi\u00f3n cada uno ha propuesto 12 ideas para mejorar la programaci\u00f3n art\u00edstica y cultural de la Factor\u00eda as\u00ed como de la Noche Blanca para la edici\u00f3n del 2019.... as\u00ed es que tenemos.... \u00a1\u00a1\u00a1348 IDEAS!!! Una peque\u00f1a\u2026","rel":"","context":"En \u00abIES N\u00ba 5\u00bb","img":{"alt_text":"mindmap-2123973_960_720","src":"https:\/\/i2.wp.com\/retotmp.valnaloneduca.com\/wp-content\/uploads\/2019\/02\/mindmap-2123973_960_720.jpg?resize=350%2C200","width":350,"height":200},"classes":[]},{"id":581,"url":"https:\/\/retotmp.valnaloneduca.com\/?p=581","url_meta":{"origin":639,"position":3},"title":"Encuesta a gente entre 14 y 21 a\u00f1os","date":"febrero 11, 2019","format":false,"excerpt":"Hemos realizado una encuesta a un total de 42 adolescentes de Avil\u00e9s. El 70% de la gente no conoc\u00eda la factoria cultural, la mayor\u00eda no pertenec\u00eda al instituto por lo que muchos de ellos desconoc\u00eda la existencia de sus actividades, es por eso que un 60% desconoce las actividades y\u2026","rel":"","context":"En \u00abIES N\u00ba 5\u00bb","img":{"alt_text":"","src":"","width":0,"height":0},"classes":[]},{"id":622,"url":"https:\/\/retotmp.valnaloneduca.com\/?p=622","url_meta":{"origin":639,"position":4},"title":"Entrevista sobre la Factor\u00eda Cultural a fot\u00f3grafos","date":"febrero 17, 2019","format":false,"excerpt":"RESULTADOS ENCUESTA FACTOR\u00cdA CULTURAL (36 ENTREVISTADOS) \u00bfCONOCES LA FACTOR\u00cdA CULTURAL? El 58% afirma que la conoce (21 pers) , el 17% ha respondido que no (6 pers) y el 25% restante ha o\u00eddo hablar de ella pero nunca han estado (9 pers) SI LA CONOCES \u00bfQUE SABES DE ELLA? (ACT\u2026","rel":"","context":"En \u00abIES N\u00ba 5\u00bb","img":{"alt_text":"fotografo","src":"https:\/\/i0.wp.com\/retotmp.valnaloneduca.com\/wp-content\/uploads\/2019\/02\/fotografo.jpg?resize=350%2C200","width":350,"height":200},"classes":[]},{"id":1291,"url":"https:\/\/retotmp.valnaloneduca.com\/?p=1291","url_meta":{"origin":639,"position":5},"title":"Vegadeo se mueve","date":"junio 19, 2019","format":false,"excerpt":"El equipo \u00a8Vegadeo se mueve\u00a8 afronta el reto de la oferta cultural y de ocio del municipio, dirigida a los j\u00f3venes vegadenses. Creemos que este reto puede motivar a los j\u00f3venes tanto a participar en las actividades de la zona como a pensar en Vegadeo, en un futuro, para su\u2026","rel":"","context":"En \u00abIES Elisa y Luis Villamil\u00bb","img":{"alt_text":"","src":"https:\/\/i1.wp.com\/retotmp.valnaloneduca.com\/wp-content\/uploads\/2019\/06\/image.png?resize=350%2C200","width":350,"height":200},"classes":[]}],"_links":{"self":[{"href":"https:\/\/retotmp.valnaloneduca.com\/index.php?rest_route=\/wp\/v2\/posts\/639"}],"collection":[{"href":"https:\/\/retotmp.valnaloneduca.com\/index.php?rest_route=\/wp\/v2\/posts"}],"about":[{"href":"https:\/\/retotmp.valnaloneduca.com\/index.php?rest_route=\/wp\/v2\/types\/post"}],"author":[{"embeddable":true,"href":"https:\/\/retotmp.valnaloneduca.com\/index.php?rest_route=\/wp\/v2\/users\/3"}],"replies":[{"embeddable":true,"href":"https:\/\/retotmp.valnaloneduca.com\/index.php?rest_route=%2Fwp%2Fv2%2Fcomments&post=639"}],"version-history":[{"count":0,"href":"https:\/\/retotmp.valnaloneduca.com\/index.php?rest_route=\/wp\/v2\/posts\/639\/revisions"}],"wp:attachment":[{"href":"https:\/\/retotmp.valnaloneduca.com\/index.php?rest_route=%2Fwp%2Fv2%2Fmedia&parent=639"}],"wp:term":[{"taxonomy":"category","embeddable":true,"href":"https:\/\/retotmp.valnaloneduca.com\/index.php?rest_route=%2Fwp%2Fv2%2Fcategories&post=639"},{"taxonomy":"post_tag","embeddable":true,"href":"https:\/\/retotmp.valnaloneduca.com\/index.php?rest_route=%2Fwp%2Fv2%2Ftags&post=639"}],"curies":[{"name":"wp","href":"https:\/\/api.w.org\/{rel}","templated":true}]}}