{"id":640,"date":"2019-02-18T21:34:24","date_gmt":"2019-02-18T21:34:24","guid":{"rendered":"https:\/\/retotmp.wordpress.com\/2019\/02\/18\/entrevista-realizada-por-el-equipo-a-a-jovenes-de-distintas-edades\/"},"modified":"2019-02-18T21:34:24","modified_gmt":"2019-02-18T21:34:24","slug":"entrevista-realizada-por-el-equipo-a-a-jovenes-de-distintas-edades","status":"publish","type":"post","link":"https:\/\/retotmp.valnaloneduca.com\/?p=640","title":{"rendered":"Entrevista realizada por el \u00abEquipo A\u00bb a j\u00f3venes de distintas edades"},"content":{"rendered":"<p style=\"text-align:justify;\">Esta semana, hemos realizado una encuesta a j\u00f3venes de entre 12-19 a\u00f1os pertenecientes a asociaciones juveniles.<\/p>\n<p style=\"text-align:justify;\">Muchos de ellos han coincidido en que les gusta asistir a las reuniones que organizan por pasar tiempo con sus amigos, tratar temas que les preocupan, ayudar a las dem\u00e1s personas que asisten, y esto consideran que \u00ables ayuda a crecer como personas\u00bb.<\/p>\n<p style=\"text-align:justify;\">De los encuestados, todos han elegido el vienes como mejor d\u00eda para reunirse. Y la hora estimada es entre 4 a 6.<\/p>\n<p style=\"text-align:justify;\">Los temas que m\u00e1s les gusta comentar son temas relacionados sobre su futuro profesional, acad\u00e9mico, amor, miedos, inseguridades, valores&#8230;..<\/p>\n","protected":false},"excerpt":{"rendered":"<p>Esta semana, hemos realizado una encuesta a j\u00f3venes de entre 12-19 a\u00f1os pertenecientes a asociaciones juveniles. Muchos de ellos han<\/p>\n","protected":false},"author":3,"featured_media":0,"comment_status":"open","ping_status":"open","sticky":false,"template":"","format":"standard","meta":{"spay_email":""},"categories":[18,30],"tags":[],"jetpack_featured_media_url":"","jetpack-related-posts":[{"id":642,"url":"https:\/\/retotmp.valnaloneduca.com\/?p=642","url_meta":{"origin":640,"position":0},"title":"Entrevista El Arte en la Vida","date":"febrero 18, 2019","format":false,"excerpt":"Con el objetivo de conocer las inquietudes, gustos y motivaciones art\u00edsticas de personas de nuestro entorno, nos pareci\u00f3 adecuado realizar una peque\u00f1a encuesta mediante un formulario de Google. Del an\u00e1lisis de las respuestas recibidas se puede deducir que s\u00ed existe una gran inter\u00e9s por las artes (destacando la m\u00fasica por\u2026","rel":"","context":"En \u00abIES N\u00ba 5\u00bb","img":{"alt_text":"estad\u00c3\u00adstica arte","src":"https:\/\/i2.wp.com\/retotmp.valnaloneduca.com\/wp-content\/uploads\/2019\/02\/estadc3adstica-arte.jpg?resize=350%2C200","width":350,"height":200},"classes":[]},{"id":1112,"url":"https:\/\/retotmp.valnaloneduca.com\/?p=1112","url_meta":{"origin":640,"position":1},"title":"Resultados encuesta a alumnos (NSA)","date":"mayo 10, 2019","format":false,"excerpt":"Buenas, la primera parte del proyecto era empatizar con un grupo de personas relacionadas con el instituto, nosotros escogimos a los\/as alumnos\/as de nuestro centro y para empatizar con ellos\/as decidimos hacer una encuesta online y recoger los resultados para saber como se sienten en el instituto y que hacer\u2026","rel":"","context":"En \u00abIES Magdalena\u00bb","img":{"alt_text":"","src":"https:\/\/i1.wp.com\/retotmp.valnaloneduca.com\/wp-content\/uploads\/2019\/05\/sin-tc3adtulo.png?resize=350%2C200","width":350,"height":200},"classes":[]},{"id":623,"url":"https:\/\/retotmp.valnaloneduca.com\/?p=623","url_meta":{"origin":640,"position":2},"title":"Entrevista taller de emprendimiento Valnal\u00f3n","date":"febrero 17, 2019","format":false,"excerpt":"Conclusiones de la Entrevista: Tras hablar con Pelayo, de la asociaci\u00f3n A Esgaya - Integraci\u00f3n Social, hemos podido extraer algunas conclusiones: Para empezar, le preguntamos sobre los medios art\u00edsticos en los que m\u00e1s inter\u00e9s nota que manifiestan los j\u00f3venes con los que trabaja. Si bien nos dijo que era importante\u2026","rel":"","context":"En \u00abIES N\u00ba 5\u00bb","img":{"alt_text":"aesgaya","src":"https:\/\/i0.wp.com\/retotmp.valnaloneduca.com\/wp-content\/uploads\/2019\/02\/aesgaya.jpg?resize=350%2C200","width":350,"height":200},"classes":[]},{"id":706,"url":"https:\/\/retotmp.valnaloneduca.com\/?p=706","url_meta":{"origin":640,"position":3},"title":"Encuesta online reto musical - Equipo Estrella Polar","date":"febrero 24, 2019","format":false,"excerpt":"Nuestro grupo con esta encuesta ha querido saber el gusto musical de la gente seg\u00fan g\u00e9nero y edad, y saber que tipo de m\u00fasica escuchan m\u00e1s. Esta encuesta ha sido realizada online. Hemos recibido 186 respuestas. Han contestado 143 mujeres, y 43 hombres. \u00b7 140 personas de entre 18 y\u2026","rel":"","context":"En \u00abIES Ram\u00f3n Men\u00e9ndez Pidal\u00bb","img":{"alt_text":"","src":"https:\/\/i2.wp.com\/retotmp.valnaloneduca.com\/wp-content\/uploads\/2019\/02\/music-on.-world-off.jpg?resize=350%2C200","width":350,"height":200},"classes":[]},{"id":646,"url":"https:\/\/retotmp.valnaloneduca.com\/?p=646","url_meta":{"origin":640,"position":4},"title":"Lluvia de ideas","date":"febrero 19, 2019","format":false,"excerpt":"Somos uno de los grupos de estudiantes del numero 5, el equipo WE ARE FREE, de primero de bachillerato D. Nuestra lluvia de ideas: Los fines de semana la gente joven en la factor\u00eda podr\u00eda disfrutrar acudiendo a CONCIERTOS de gente que llame la atenci\u00f3n y conocida. Para Divertirnos sin\u2026","rel":"","context":"En \u00abIES N\u00ba 5\u00bb","img":{"alt_text":"lluvia ideas","src":"https:\/\/i2.wp.com\/retotmp.valnaloneduca.com\/wp-content\/uploads\/2019\/02\/lluvia-ideas.jpg?resize=350%2C200","width":350,"height":200},"classes":[]},{"id":2335,"url":"https:\/\/retotmp.valnaloneduca.com\/?p=2335","url_meta":{"origin":640,"position":5},"title":"IES INFIESTO 2022-23","date":"marzo 8, 2023","format":false,"excerpt":"En el mes de marzo vamos a realizar\u00a0un RETO de Taller para Emprender (tmp) en el IES INFIESTO de Infiesto. Va dirigido a\u00a0alumnado del\u00a01\u00ba y 2\u00ba de CFGM Gesti\u00f3n Administrativa, tutorizado por su profesora de econom\u00eda\u00a0Ana Rosa M\u00fa\u00f1iz. En\u00a0la primera sesi\u00f3n\u00a0el alcalde del Ayuntamiento de Pilo\u00f1a, Don Iv\u00e1n Allende Tora\u00f1o,\u2026","rel":"","context":"En \u00abCurso 2022-2023\u00bb","img":{"alt_text":"","src":"https:\/\/i2.wp.com\/retotmp.valnaloneduca.com\/wp-content\/uploads\/2023\/05\/arkous.jpg?resize=350%2C200&ssl=1","width":350,"height":200},"classes":[]}],"_links":{"self":[{"href":"https:\/\/retotmp.valnaloneduca.com\/index.php?rest_route=\/wp\/v2\/posts\/640"}],"collection":[{"href":"https:\/\/retotmp.valnaloneduca.com\/index.php?rest_route=\/wp\/v2\/posts"}],"about":[{"href":"https:\/\/retotmp.valnaloneduca.com\/index.php?rest_route=\/wp\/v2\/types\/post"}],"author":[{"embeddable":true,"href":"https:\/\/retotmp.valnaloneduca.com\/index.php?rest_route=\/wp\/v2\/users\/3"}],"replies":[{"embeddable":true,"href":"https:\/\/retotmp.valnaloneduca.com\/index.php?rest_route=%2Fwp%2Fv2%2Fcomments&post=640"}],"version-history":[{"count":0,"href":"https:\/\/retotmp.valnaloneduca.com\/index.php?rest_route=\/wp\/v2\/posts\/640\/revisions"}],"wp:attachment":[{"href":"https:\/\/retotmp.valnaloneduca.com\/index.php?rest_route=%2Fwp%2Fv2%2Fmedia&parent=640"}],"wp:term":[{"taxonomy":"category","embeddable":true,"href":"https:\/\/retotmp.valnaloneduca.com\/index.php?rest_route=%2Fwp%2Fv2%2Fcategories&post=640"},{"taxonomy":"post_tag","embeddable":true,"href":"https:\/\/retotmp.valnaloneduca.com\/index.php?rest_route=%2Fwp%2Fv2%2Ftags&post=640"}],"curies":[{"name":"wp","href":"https:\/\/api.w.org\/{rel}","templated":true}]}}