{"id":641,"date":"2019-02-18T21:55:11","date_gmt":"2019-02-18T21:55:11","guid":{"rendered":"https:\/\/retotmp.wordpress.com\/2019\/02\/18\/entrevista-a-un-familiar\/"},"modified":"2019-02-18T21:55:11","modified_gmt":"2019-02-18T21:55:11","slug":"entrevista-a-un-familiar","status":"publish","type":"post","link":"https:\/\/retotmp.valnaloneduca.com\/?p=641","title":{"rendered":"ENTREVISTA A UN FAMILIAR"},"content":{"rendered":"<p>EQUIPO QUEENS. Entrevista realizada a un familiar de una compa\u00f1era:<\/p>\n<p>&#8211; \u00bfCu\u00e1les son tus gustos y que crees que les interesa a los j\u00f3venes?<\/p>\n<p>&#8211; A m\u00ed me gusta mucho un tipo de m\u00fasica llamado rap y este tipo de m\u00fasica les suele gustar tambi\u00e9n a los j\u00f3venes ya que hay varia gente de mi generaci\u00f3n que se dedica a rapear y ganarse un puesto en este mundo. De todos modos creo que los j\u00f3venes les suele gustar m\u00e1s el reggaet\u00f3n o el pop, m\u00fasica m\u00e1s comercial. Otra cosa que les suele gustar a los j\u00f3venes y tambi\u00e9n a los m\u00e1s mayores es el futbol cosa que a m\u00ed por ejemplo no me entusiasma mucho. Otra cosa a la que soy bastante adicto es a ver series y pel\u00edculas , pero eso le pasa a todo el mundo, Yo creo que en lo que se centran m\u00e1s los j\u00f3venes es en hacer lo que les gusta y relacionarse con gente cuando salen ya que al no tener mucho tiempo por los ex\u00e1menes disfrutamos m\u00e1s esos peque\u00f1os momentos que tenemos para desconectar.<\/p>\n<p>-\u00bfTienes actividades extraescolares? \u00bfSi las tienes en que horarios son?<\/p>\n<p>&#8211; No tengo actividades extraescolares ya que debido a la universidad estudio tanto por la ma\u00f1ana como por la tarde, pero me gustar\u00eda. En todo caso si tengo algo de tiempo libre suele ser a partir de las 7 y sino los fines de semana tengo algo de tiempo libre.<\/p>\n<p>-\u00bfQu\u00e9 actividades te gustar\u00eda hacer?<\/p>\n<p>&#8211; Me gustar\u00eda mucho aprender a tocar la guitarra o hacer karting que es un tipo de carrera con cars.<\/p>\n<p>-\u00bfTe apetecer\u00eda participar en actividades grupales o individuales?<\/p>\n<p>-Me gustan m\u00e1s las actividades grupales ya que me gusta intercambiar ideas con la gente y sociabilizar.<\/p>\n<p>-\u00bfCrees que hay medios suficientes en Avil\u00e9s para hacer dichas actividades?<\/p>\n<p>&#8211; Avil\u00e9s no es una ciudad muy grande en la que se pueden hacer actividades de todo tipo, tiene medios pero no los necesarios para darle la suficiente publicidad.<\/p>\n<p>&nbsp;<\/p>\n","protected":false},"excerpt":{"rendered":"<p>EQUIPO QUEENS. Entrevista realizada a un familiar de una compa\u00f1era: &#8211; \u00bfCu\u00e1les son tus gustos y que crees que les<\/p>\n","protected":false},"author":3,"featured_media":0,"comment_status":"open","ping_status":"open","sticky":false,"template":"","format":"standard","meta":{"spay_email":""},"categories":[18,30],"tags":[],"jetpack_featured_media_url":"","jetpack-related-posts":[{"id":623,"url":"https:\/\/retotmp.valnaloneduca.com\/?p=623","url_meta":{"origin":641,"position":0},"title":"Entrevista taller de emprendimiento Valnal\u00f3n","date":"febrero 17, 2019","format":false,"excerpt":"Conclusiones de la Entrevista: Tras hablar con Pelayo, de la asociaci\u00f3n A Esgaya - Integraci\u00f3n Social, hemos podido extraer algunas conclusiones: Para empezar, le preguntamos sobre los medios art\u00edsticos en los que m\u00e1s inter\u00e9s nota que manifiestan los j\u00f3venes con los que trabaja. Si bien nos dijo que era importante\u2026","rel":"","context":"En \u00abIES N\u00ba 5\u00bb","img":{"alt_text":"aesgaya","src":"https:\/\/i0.wp.com\/retotmp.valnaloneduca.com\/wp-content\/uploads\/2019\/02\/aesgaya.jpg?resize=350%2C200","width":350,"height":200},"classes":[]},{"id":586,"url":"https:\/\/retotmp.valnaloneduca.com\/?p=586","url_meta":{"origin":641,"position":1},"title":"Entrevista a Paula, integrante del P.A.T.I.O.","date":"febrero 11, 2019","format":false,"excerpt":"En la tarde del viernes 8 de febrero, nos desplazamos para conocer la postura y opiniones de Paula, una de las personas que forman parte del colectivo el P.A.T.I.O. Os dejamos aqu\u00ed la entrevista: -\u00bfConoces la Noche Blanca? + S\u00ed, nosotras desde el servicio de juventud llevamos varios a\u00f1os colaborando\u2026","rel":"","context":"En \u00abIES N\u00ba 5\u00bb","img":{"alt_text":"el patio","src":"https:\/\/i0.wp.com\/retotmp.valnaloneduca.com\/wp-content\/uploads\/2019\/02\/el-patio.jpeg?resize=350%2C200","width":350,"height":200},"classes":[]},{"id":750,"url":"https:\/\/retotmp.valnaloneduca.com\/?p=750","url_meta":{"origin":641,"position":2},"title":"29 equipos...Infinitas ideas en la Factor\u00eda","date":"febrero 26, 2019","format":false,"excerpt":"En el IES N\u00ba 5 se han creado 29 equipos y durante la \u00faltima sesi\u00f3n cada uno ha propuesto 12 ideas para mejorar la programaci\u00f3n art\u00edstica y cultural de la Factor\u00eda as\u00ed como de la Noche Blanca para la edici\u00f3n del 2019.... as\u00ed es que tenemos.... \u00a1\u00a1\u00a1348 IDEAS!!! Una peque\u00f1a\u2026","rel":"","context":"En \u00abIES N\u00ba 5\u00bb","img":{"alt_text":"mindmap-2123973_960_720","src":"https:\/\/i2.wp.com\/retotmp.valnaloneduca.com\/wp-content\/uploads\/2019\/02\/mindmap-2123973_960_720.jpg?resize=350%2C200","width":350,"height":200},"classes":[]},{"id":575,"url":"https:\/\/retotmp.valnaloneduca.com\/?p=575","url_meta":{"origin":641,"position":3},"title":"Entrevistas a Asociaci\u00f3n Juvenil","date":"febrero 10, 2019","format":false,"excerpt":"La primera entrevista es al presidente de la asociaci\u00f3n juvenil y la segunda a tres miembros de la asociaci\u00f3n de nuestra edad. + Hola, las preguntas son sobre la noche blanca que hay en Avil\u00e9s. \u00bfConoces la noches blanca? - Si, lo de las exposiciones de arte nocturnas y tal\u2026","rel":"","context":"En \u00abIES N\u00ba 5\u00bb","img":{"alt_text":"","src":"","width":0,"height":0},"classes":[]},{"id":646,"url":"https:\/\/retotmp.valnaloneduca.com\/?p=646","url_meta":{"origin":641,"position":4},"title":"Lluvia de ideas","date":"febrero 19, 2019","format":false,"excerpt":"Somos uno de los grupos de estudiantes del numero 5, el equipo WE ARE FREE, de primero de bachillerato D. Nuestra lluvia de ideas: Los fines de semana la gente joven en la factor\u00eda podr\u00eda disfrutrar acudiendo a CONCIERTOS de gente que llame la atenci\u00f3n y conocida. Para Divertirnos sin\u2026","rel":"","context":"En \u00abIES N\u00ba 5\u00bb","img":{"alt_text":"lluvia ideas","src":"https:\/\/i2.wp.com\/retotmp.valnaloneduca.com\/wp-content\/uploads\/2019\/02\/lluvia-ideas.jpg?resize=350%2C200","width":350,"height":200},"classes":[]},{"id":706,"url":"https:\/\/retotmp.valnaloneduca.com\/?p=706","url_meta":{"origin":641,"position":5},"title":"Encuesta online reto musical - Equipo Estrella Polar","date":"febrero 24, 2019","format":false,"excerpt":"Nuestro grupo con esta encuesta ha querido saber el gusto musical de la gente seg\u00fan g\u00e9nero y edad, y saber que tipo de m\u00fasica escuchan m\u00e1s. Esta encuesta ha sido realizada online. Hemos recibido 186 respuestas. Han contestado 143 mujeres, y 43 hombres. \u00b7 140 personas de entre 18 y\u2026","rel":"","context":"En \u00abIES Ram\u00f3n Men\u00e9ndez Pidal\u00bb","img":{"alt_text":"","src":"https:\/\/i2.wp.com\/retotmp.valnaloneduca.com\/wp-content\/uploads\/2019\/02\/music-on.-world-off.jpg?resize=350%2C200","width":350,"height":200},"classes":[]}],"_links":{"self":[{"href":"https:\/\/retotmp.valnaloneduca.com\/index.php?rest_route=\/wp\/v2\/posts\/641"}],"collection":[{"href":"https:\/\/retotmp.valnaloneduca.com\/index.php?rest_route=\/wp\/v2\/posts"}],"about":[{"href":"https:\/\/retotmp.valnaloneduca.com\/index.php?rest_route=\/wp\/v2\/types\/post"}],"author":[{"embeddable":true,"href":"https:\/\/retotmp.valnaloneduca.com\/index.php?rest_route=\/wp\/v2\/users\/3"}],"replies":[{"embeddable":true,"href":"https:\/\/retotmp.valnaloneduca.com\/index.php?rest_route=%2Fwp%2Fv2%2Fcomments&post=641"}],"version-history":[{"count":0,"href":"https:\/\/retotmp.valnaloneduca.com\/index.php?rest_route=\/wp\/v2\/posts\/641\/revisions"}],"wp:attachment":[{"href":"https:\/\/retotmp.valnaloneduca.com\/index.php?rest_route=%2Fwp%2Fv2%2Fmedia&parent=641"}],"wp:term":[{"taxonomy":"category","embeddable":true,"href":"https:\/\/retotmp.valnaloneduca.com\/index.php?rest_route=%2Fwp%2Fv2%2Fcategories&post=641"},{"taxonomy":"post_tag","embeddable":true,"href":"https:\/\/retotmp.valnaloneduca.com\/index.php?rest_route=%2Fwp%2Fv2%2Ftags&post=641"}],"curies":[{"name":"wp","href":"https:\/\/api.w.org\/{rel}","templated":true}]}}