{"id":642,"date":"2019-02-18T22:39:55","date_gmt":"2019-02-18T22:39:55","guid":{"rendered":"https:\/\/retotmp.wordpress.com\/?p=642"},"modified":"2019-02-18T22:39:55","modified_gmt":"2019-02-18T22:39:55","slug":"entrevista-el-arte-en-la-vida","status":"publish","type":"post","link":"https:\/\/retotmp.valnaloneduca.com\/?p=642","title":{"rendered":"Entrevista El Arte en la Vida"},"content":{"rendered":"<p style=\"text-align:justify;\">Con el objetivo de conocer las inquietudes, gustos y motivaciones art\u00edsticas de personas de nuestro entorno, nos pareci\u00f3 adecuado realizar una peque\u00f1a encuesta mediante un formulario de Google. Del an\u00e1lisis de las respuestas recibidas se puede deducir que s\u00ed existe una gran inter\u00e9s por las artes (destacando la m\u00fasica por encima de todas las dem\u00e1s) y tambi\u00e9n una alta demanda de espacios donde poder disfrutar y desarrollar estas aficiones o inquietudes art\u00edsticas.<\/p>\n<p><img loading=\"lazy\" class=\"alignnone size-full wp-image-664\" src=\"https:\/\/i2.wp.com\/retotmp.valnaloneduca.com\/wp-content\/uploads\/2019\/02\/estadc3adstica-arte.jpg?resize=523%2C322\" alt=\"estad\u00edstica arte\" width=\"523\" height=\"322\" srcset=\"https:\/\/i2.wp.com\/retotmp.valnaloneduca.com\/wp-content\/uploads\/2019\/02\/estadc3adstica-arte.jpg?w=523&amp;ssl=1 523w, https:\/\/i2.wp.com\/retotmp.valnaloneduca.com\/wp-content\/uploads\/2019\/02\/estadc3adstica-arte.jpg?resize=300%2C185&amp;ssl=1 300w\" sizes=\"(max-width: 523px) 100vw, 523px\" data-recalc-dims=\"1\" \/><\/p>\n<p style=\"text-align:justify;\">Se adjunta documento con las respuestas de la encuesta realizada.<\/p>\n<p style=\"text-align:justify;\"><a href=\"http:\/\/retotmp.valnaloneduca.com\/wp-content\/uploads\/2019\/02\/el-arte-en-la-vida_encuesta.pdf\">EL ARTE EN LA VIDA_ENCUESTA.pdf<\/a><\/p>\n","protected":false},"excerpt":{"rendered":"<p>Con el objetivo de conocer las inquietudes, gustos y motivaciones art\u00edsticas de personas de nuestro entorno, nos pareci\u00f3 adecuado realizar<\/p>\n","protected":false},"author":3,"featured_media":0,"comment_status":"open","ping_status":"open","sticky":false,"template":"","format":"standard","meta":{"spay_email":""},"categories":[18,30],"tags":[],"jetpack_featured_media_url":"","jetpack-related-posts":[{"id":527,"url":"https:\/\/retotmp.valnaloneduca.com\/?p=527","url_meta":{"origin":642,"position":0},"title":"Reto art\u00edstico y cultural","date":"febrero 4, 2019","format":false,"excerpt":"La semana pasada comenzamos 4 cursos tmp con algo m\u00e1s de 100 estudiantes de 1\u00ba bachillerato del IES N\u00ba 5 de Avil\u00e9s. Los retos han sido propuestos por la FACTOR\u00cdA CULTURAL de AVIL\u00c9S, Centro Art\u00edstico Multidisciplinar de la Fundaci\u00f3n Municipal de Cultura del Ayuntamiento de Avil\u00e9s. Y dado el perfil\u2026","rel":"","context":"En \u00abIES N\u00ba 5\u00bb","img":{"alt_text":"","src":"","width":0,"height":0},"classes":[]},{"id":920,"url":"https:\/\/retotmp.valnaloneduca.com\/?p=920","url_meta":{"origin":642,"position":1},"title":"Talento del IES N\u00ba5 en la Factor\u00eda Cultural","date":"abril 3, 2019","format":false,"excerpt":"Tras cinco semanas de trabajo con los retos, lleg\u00f3 el momento esperado...la presentaci\u00f3n de las ideas trabajadas. Muchos\/as estaban nerviosas pero tambi\u00e9n con la ilusi\u00f3n de presentar las propuestas para la Noche Blanca de Avil\u00e9s y la Programaci\u00f3n art\u00edstica, cultural y formativa de la Factor\u00eda Cultural. Fueron pocas horas pero,\u2026","rel":"","context":"En \u00abIES N\u00ba 5\u00bb","img":{"alt_text":"","src":"https:\/\/i2.wp.com\/retotmp.valnaloneduca.com\/wp-content\/uploads\/2019\/04\/img_20190320_110743_657-scaled.jpg?resize=350%2C200","width":350,"height":200},"classes":[]},{"id":1112,"url":"https:\/\/retotmp.valnaloneduca.com\/?p=1112","url_meta":{"origin":642,"position":2},"title":"Resultados encuesta a alumnos (NSA)","date":"mayo 10, 2019","format":false,"excerpt":"Buenas, la primera parte del proyecto era empatizar con un grupo de personas relacionadas con el instituto, nosotros escogimos a los\/as alumnos\/as de nuestro centro y para empatizar con ellos\/as decidimos hacer una encuesta online y recoger los resultados para saber como se sienten en el instituto y que hacer\u2026","rel":"","context":"En \u00abIES Magdalena\u00bb","img":{"alt_text":"","src":"https:\/\/i1.wp.com\/retotmp.valnaloneduca.com\/wp-content\/uploads\/2019\/05\/sin-tc3adtulo.png?resize=350%2C200","width":350,"height":200},"classes":[]},{"id":700,"url":"https:\/\/retotmp.valnaloneduca.com\/?p=700","url_meta":{"origin":642,"position":3},"title":"Veenfies, misi\u00f3n de transmisi\u00f3n","date":"febrero 24, 2019","format":false,"excerpt":"Tras haber realizado encuestas a un supuesto p\u00fablico objetivo como es nuestra clase y a las componentes del grupo, hemos conseguido los siguientes resultados. Comenzando por la encuesta a las personas de clase, la primera pregunta ped\u00eda que dijeran lo mejor de la actuaci\u00f3n del pasado lunes en una o\u2026","rel":"","context":"En \u00abIES Ram\u00f3n Men\u00e9ndez Pidal\u00bb","img":{"alt_text":"whatsapp image 2019 02 15 at 18.44.35 1","src":"https:\/\/i1.wp.com\/retotmp.valnaloneduca.com\/wp-content\/uploads\/2019\/02\/whatsapp-image-2019-02-15-at-18.44.35-1.jpeg?resize=350%2C200","width":350,"height":200},"classes":[]},{"id":622,"url":"https:\/\/retotmp.valnaloneduca.com\/?p=622","url_meta":{"origin":642,"position":4},"title":"Entrevista sobre la Factor\u00eda Cultural a fot\u00f3grafos","date":"febrero 17, 2019","format":false,"excerpt":"RESULTADOS ENCUESTA FACTOR\u00cdA CULTURAL (36 ENTREVISTADOS) \u00bfCONOCES LA FACTOR\u00cdA CULTURAL? El 58% afirma que la conoce (21 pers) , el 17% ha respondido que no (6 pers) y el 25% restante ha o\u00eddo hablar de ella pero nunca han estado (9 pers) SI LA CONOCES \u00bfQUE SABES DE ELLA? (ACT\u2026","rel":"","context":"En \u00abIES N\u00ba 5\u00bb","img":{"alt_text":"fotografo","src":"https:\/\/i0.wp.com\/retotmp.valnaloneduca.com\/wp-content\/uploads\/2019\/02\/fotografo.jpg?resize=350%2C200","width":350,"height":200},"classes":[]},{"id":582,"url":"https:\/\/retotmp.valnaloneduca.com\/?p=582","url_meta":{"origin":642,"position":5},"title":"Encuesta sobre Noche Blanca (Instagram)","date":"febrero 11, 2019","format":false,"excerpt":"Tras haber subido diferentes encuestas sobre la noche blanca de Avil\u00e9s a dos cuentas de Instagram, hemos obtenido las siguientes conclusiones: M\u00e1s de la mitad de los j\u00f3venes de Avil\u00e9s no saben en qu\u00e9 consiste la noche blanca (de 333 personas, 100 s\u00ed conoc\u00edan esta actividad mientras que 233 no).\u2026","rel":"","context":"En \u00abIES N\u00ba 5\u00bb","img":{"alt_text":"","src":"","width":0,"height":0},"classes":[]}],"_links":{"self":[{"href":"https:\/\/retotmp.valnaloneduca.com\/index.php?rest_route=\/wp\/v2\/posts\/642"}],"collection":[{"href":"https:\/\/retotmp.valnaloneduca.com\/index.php?rest_route=\/wp\/v2\/posts"}],"about":[{"href":"https:\/\/retotmp.valnaloneduca.com\/index.php?rest_route=\/wp\/v2\/types\/post"}],"author":[{"embeddable":true,"href":"https:\/\/retotmp.valnaloneduca.com\/index.php?rest_route=\/wp\/v2\/users\/3"}],"replies":[{"embeddable":true,"href":"https:\/\/retotmp.valnaloneduca.com\/index.php?rest_route=%2Fwp%2Fv2%2Fcomments&post=642"}],"version-history":[{"count":0,"href":"https:\/\/retotmp.valnaloneduca.com\/index.php?rest_route=\/wp\/v2\/posts\/642\/revisions"}],"wp:attachment":[{"href":"https:\/\/retotmp.valnaloneduca.com\/index.php?rest_route=%2Fwp%2Fv2%2Fmedia&parent=642"}],"wp:term":[{"taxonomy":"category","embeddable":true,"href":"https:\/\/retotmp.valnaloneduca.com\/index.php?rest_route=%2Fwp%2Fv2%2Fcategories&post=642"},{"taxonomy":"post_tag","embeddable":true,"href":"https:\/\/retotmp.valnaloneduca.com\/index.php?rest_route=%2Fwp%2Fv2%2Ftags&post=642"}],"curies":[{"name":"wp","href":"https:\/\/api.w.org\/{rel}","templated":true}]}}