{"id":645,"date":"2019-02-19T16:33:43","date_gmt":"2019-02-19T16:33:43","guid":{"rendered":"https:\/\/retotmp.wordpress.com\/2019\/02\/19\/tormenta-de-ideas-con-el-metodo-scamper\/"},"modified":"2019-02-19T16:33:43","modified_gmt":"2019-02-19T16:33:43","slug":"tormenta-de-ideas-con-el-metodo-scamper","status":"publish","type":"post","link":"https:\/\/retotmp.valnaloneduca.com\/?p=645","title":{"rendered":"Tormenta de ideas con el m\u00e9todo SCAMPER"},"content":{"rendered":"<p>Tormenta de ideas con el m\u00e9todo SCAMPER del equipo \u00abTodo es verdad\u00bb de 1\u00ba Bach D<\/p>\n<p><img loading=\"lazy\" class=\"alignnone  wp-image-661\" src=\"https:\/\/i0.wp.com\/retotmp.valnaloneduca.com\/wp-content\/uploads\/2019\/02\/scamper-e1550666265500.jpg?resize=369%2C369\" alt=\"scamper\" width=\"369\" height=\"369\" srcset=\"https:\/\/i0.wp.com\/retotmp.valnaloneduca.com\/wp-content\/uploads\/2019\/02\/scamper-e1550666265500.jpg?w=225&amp;ssl=1 225w, https:\/\/i0.wp.com\/retotmp.valnaloneduca.com\/wp-content\/uploads\/2019\/02\/scamper-e1550666265500.jpg?resize=150%2C150&amp;ssl=1 150w, https:\/\/i0.wp.com\/retotmp.valnaloneduca.com\/wp-content\/uploads\/2019\/02\/scamper-e1550666265500.jpg?resize=100%2C100&amp;ssl=1 100w\" sizes=\"(max-width: 369px) 100vw, 369px\" data-recalc-dims=\"1\" \/><\/p>\n<p>Sustituir<br \/>\n1.- Deber\u00edan sustituir los horarios de ma\u00f1ana por los nocturnos ya que la gente joven podr\u00eda preferir en sus ratos libres hacer actividades para descansar de los estudios. Ser\u00eda m\u00e1s conveniente el horario de tarde ya que por la ma\u00f1ana la mayor\u00eda est\u00e1n en el colegio o instituto.<\/p>\n<p>Combinar<\/p>\n<p>1.- Podr\u00edamos combinar una merienda o picoteo con exposiciones guiadas o conciertos en la Factor\u00eda<br \/>\n2.- Podr\u00edamos organizar una ginkana educativa para inculcar la cultura local a la gente joven<\/p>\n<p>Adaptar<\/p>\n<p>1.- Podr\u00edamos hacer cosas tradicionales de la \u00e9poca de nuestros abuelos cuando eran peque\u00f1os y ense\u00f1ar as\u00ed a los m\u00e1s peque\u00f1os c\u00f3mo se divert\u00edan los suyos . Podr\u00edamos hacer baile y karaoke de canciones de los a\u00f1os 40 y 50<br \/>\n2.- Podemos pedir permiso al ayuntamiento para modificar las fachadas de los edificios de Avil\u00e9s y decorarlas con pinturas o incluso esculturas sobre la historia de Avil\u00e9s, por ejemplo.<\/p>\n<p>Modificar<\/p>\n<p>1.- Podr\u00edamos extender el carril bici por toda la ciudad, con permiso del ayuntamiento, con una ruta que cubra el trayecto de la r\u00eda hasta Salinas y por el resto de Avil\u00e9s ( ruta Avil\u00e9s- El Corte Ingl\u00e9s; ruta a los colegios e institutos para fomentar el transporte no contaminante, etc&#8230;)<br \/>\n2.- En las exposiciones podr\u00edamos ofrecer audiogu\u00edas para que la gente entendiera mejor las obras.O incluso conseguir voluntarios de traducci\u00f3n a lenguaje de signos en los conciertos.<\/p>\n<p>Poner otros usos<\/p>\n<p>1.- Podr\u00edamos organizar conciertos de la m\u00fasica que escuchan los j\u00f3venes ( rap, reguet\u00f3n,etc&#8230;)<br \/>\n2.- Podr\u00edamos colocar un sal\u00f3n de juegos con m\u00e1quinas arcade para los amantes de los videojuegos.<\/p>\n<p>Eliminar<\/p>\n<p>1.- Sin redes sociales no podr\u00edamos promocionar las actividades<br \/>\n2.- Si no hubiera l\u00edmite de presupuesto para las actividades podr\u00edamos hacer cualquier cosa conveniente sin tener en cuenta cu\u00e1nto dinero se gastar\u00eda en desarrollar el proyecto.<\/p>\n<p>Reordenar<\/p>\n<p>1.- Podr\u00edamos abrir en Avil\u00e9s un cine como el Marta y Mar\u00eda para no tener que ir hasta ParqueAstur o abrir una bolera<\/p>\n<p>2.- Se podr\u00edan dar las clases de la Factor\u00eda como las de cer\u00e1mica,pintura o serigraf\u00eda en espacios abiertos como la Plaza del Ayuntamiento, la Plaza Domingo \u00c1lvarez Acebal o el Parque de Ferrera.<\/p>\n","protected":false},"excerpt":{"rendered":"<p>Tormenta de ideas con el m\u00e9todo SCAMPER del equipo \u00abTodo es verdad\u00bb de 1\u00ba Bach D Sustituir 1.- Deber\u00edan sustituir<\/p>\n","protected":false},"author":3,"featured_media":0,"comment_status":"open","ping_status":"open","sticky":false,"template":"","format":"standard","meta":{"spay_email":""},"categories":[18,30],"tags":[],"jetpack_featured_media_url":"","jetpack-related-posts":[{"id":646,"url":"https:\/\/retotmp.valnaloneduca.com\/?p=646","url_meta":{"origin":645,"position":0},"title":"Lluvia de ideas","date":"febrero 19, 2019","format":false,"excerpt":"Somos uno de los grupos de estudiantes del numero 5, el equipo WE ARE FREE, de primero de bachillerato D. Nuestra lluvia de ideas: Los fines de semana la gente joven en la factor\u00eda podr\u00eda disfrutrar acudiendo a CONCIERTOS de gente que llame la atenci\u00f3n y conocida. Para Divertirnos sin\u2026","rel":"","context":"En \u00abIES N\u00ba 5\u00bb","img":{"alt_text":"lluvia ideas","src":"https:\/\/i2.wp.com\/retotmp.valnaloneduca.com\/wp-content\/uploads\/2019\/02\/lluvia-ideas.jpg?resize=350%2C200","width":350,"height":200},"classes":[]},{"id":750,"url":"https:\/\/retotmp.valnaloneduca.com\/?p=750","url_meta":{"origin":645,"position":1},"title":"29 equipos...Infinitas ideas en la Factor\u00eda","date":"febrero 26, 2019","format":false,"excerpt":"En el IES N\u00ba 5 se han creado 29 equipos y durante la \u00faltima sesi\u00f3n cada uno ha propuesto 12 ideas para mejorar la programaci\u00f3n art\u00edstica y cultural de la Factor\u00eda as\u00ed como de la Noche Blanca para la edici\u00f3n del 2019.... as\u00ed es que tenemos.... \u00a1\u00a1\u00a1348 IDEAS!!! Una peque\u00f1a\u2026","rel":"","context":"En \u00abIES N\u00ba 5\u00bb","img":{"alt_text":"mindmap-2123973_960_720","src":"https:\/\/i2.wp.com\/retotmp.valnaloneduca.com\/wp-content\/uploads\/2019\/02\/mindmap-2123973_960_720.jpg?resize=350%2C200","width":350,"height":200},"classes":[]},{"id":1132,"url":"https:\/\/retotmp.valnaloneduca.com\/?p=1132","url_meta":{"origin":645,"position":2},"title":"SOLUCIONES - RETO BCH A","date":"mayo 15, 2019","format":false,"excerpt":"Esta ha sido la ultima sesi\u00f3n del curso de tmp al grupo de 1\u00ba BCH A. Han COMUNICADO cada grupo sus entrevistas y las hemos estudiado para poder sacar posibles conclusiones al RETO definido. Han trabajado en una TORMENTA DE IDEAS y han seleccionado las mejores para explicar como las\u2026","rel":"","context":"En \u00abIES Infiesto\u00bb","img":{"alt_text":"","src":"https:\/\/i1.wp.com\/retotmp.valnaloneduca.com\/wp-content\/uploads\/2019\/05\/trabajando.jpg?resize=350%2C200","width":350,"height":200},"classes":[]},{"id":575,"url":"https:\/\/retotmp.valnaloneduca.com\/?p=575","url_meta":{"origin":645,"position":3},"title":"Entrevistas a Asociaci\u00f3n Juvenil","date":"febrero 10, 2019","format":false,"excerpt":"La primera entrevista es al presidente de la asociaci\u00f3n juvenil y la segunda a tres miembros de la asociaci\u00f3n de nuestra edad. + Hola, las preguntas son sobre la noche blanca que hay en Avil\u00e9s. \u00bfConoces la noches blanca? - Si, lo de las exposiciones de arte nocturnas y tal\u2026","rel":"","context":"En \u00abIES N\u00ba 5\u00bb","img":{"alt_text":"","src":"","width":0,"height":0},"classes":[]},{"id":1026,"url":"https:\/\/retotmp.valnaloneduca.com\/?p=1026","url_meta":{"origin":645,"position":4},"title":"ENTREVISTANDO","date":"mayo 3, 2019","format":false,"excerpt":"Hemos estado trabajando en las entrevistas que han realizado el alumnado para, entre todos , sacarle jugo y poder encaminarnos a posibles soluciones. A partir del desglose, hemos hablado entre todos como podriamos enfocar la tormenta de ideas y definir las m\u00e1s interesante. Los estudiantes lo han cogido con bastante\u2026","rel":"","context":"En \u00abColegio Virgen Mediadora-Dominicas\u00bb","img":{"alt_text":"","src":"https:\/\/i1.wp.com\/retotmp.valnaloneduca.com\/wp-content\/uploads\/2019\/05\/pizarra.jpg?resize=350%2C200","width":350,"height":200},"classes":[]},{"id":851,"url":"https:\/\/retotmp.valnaloneduca.com\/?p=851","url_meta":{"origin":645,"position":5},"title":"Entrevista a Manuel Angel","date":"marzo 29, 2019","format":false,"excerpt":"Entrevista aun editor de publicaciones de Marketing 1.\u00bfC\u00f3mo podr\u00eda llamar la atenci\u00f3n un tienda de guitarras? Hacerse ver y darse a conocer entre su circulo de amigos. 2.\u00bfC\u00f3mo podr\u00eda darse a conocer? Podr\u00eda darse a conocer en redes sociales como instagram facebook y linkedin. foros especializados y tambi\u00e9n es importante\u2026","rel":"","context":"En \u00abIES Ram\u00f3n Men\u00e9ndez Pidal\u00bb","img":{"alt_text":"marketing-3111733_960_720","src":"https:\/\/i2.wp.com\/retotmp.valnaloneduca.com\/wp-content\/uploads\/2019\/04\/marketing-3111733_960_720.jpg?resize=350%2C200","width":350,"height":200},"classes":[]}],"_links":{"self":[{"href":"https:\/\/retotmp.valnaloneduca.com\/index.php?rest_route=\/wp\/v2\/posts\/645"}],"collection":[{"href":"https:\/\/retotmp.valnaloneduca.com\/index.php?rest_route=\/wp\/v2\/posts"}],"about":[{"href":"https:\/\/retotmp.valnaloneduca.com\/index.php?rest_route=\/wp\/v2\/types\/post"}],"author":[{"embeddable":true,"href":"https:\/\/retotmp.valnaloneduca.com\/index.php?rest_route=\/wp\/v2\/users\/3"}],"replies":[{"embeddable":true,"href":"https:\/\/retotmp.valnaloneduca.com\/index.php?rest_route=%2Fwp%2Fv2%2Fcomments&post=645"}],"version-history":[{"count":0,"href":"https:\/\/retotmp.valnaloneduca.com\/index.php?rest_route=\/wp\/v2\/posts\/645\/revisions"}],"wp:attachment":[{"href":"https:\/\/retotmp.valnaloneduca.com\/index.php?rest_route=%2Fwp%2Fv2%2Fmedia&parent=645"}],"wp:term":[{"taxonomy":"category","embeddable":true,"href":"https:\/\/retotmp.valnaloneduca.com\/index.php?rest_route=%2Fwp%2Fv2%2Fcategories&post=645"},{"taxonomy":"post_tag","embeddable":true,"href":"https:\/\/retotmp.valnaloneduca.com\/index.php?rest_route=%2Fwp%2Fv2%2Ftags&post=645"}],"curies":[{"name":"wp","href":"https:\/\/api.w.org\/{rel}","templated":true}]}}