{"id":646,"date":"2019-02-19T22:38:20","date_gmt":"2019-02-19T22:38:20","guid":{"rendered":"https:\/\/retotmp.wordpress.com\/2019\/02\/19\/lluvia-de-ideas\/"},"modified":"2019-02-19T22:38:20","modified_gmt":"2019-02-19T22:38:20","slug":"lluvia-de-ideas","status":"publish","type":"post","link":"https:\/\/retotmp.valnaloneduca.com\/?p=646","title":{"rendered":"Lluvia de ideas"},"content":{"rendered":"<p style=\"text-align:justify;\">Somos uno de los grupos de estudiantes del numero 5, el equipo WE ARE FREE, de primero de bachillerato D.<\/p>\n<p><img loading=\"lazy\" class=\"alignnone size-full wp-image-658\" src=\"https:\/\/i2.wp.com\/retotmp.valnaloneduca.com\/wp-content\/uploads\/2019\/02\/lluvia-ideas.jpg?resize=910%2C683\" alt=\"lluvia ideas\" width=\"910\" height=\"683\" srcset=\"https:\/\/i2.wp.com\/retotmp.valnaloneduca.com\/wp-content\/uploads\/2019\/02\/lluvia-ideas.jpg?w=1200&amp;ssl=1 1200w, https:\/\/i2.wp.com\/retotmp.valnaloneduca.com\/wp-content\/uploads\/2019\/02\/lluvia-ideas.jpg?resize=300%2C225&amp;ssl=1 300w, https:\/\/i2.wp.com\/retotmp.valnaloneduca.com\/wp-content\/uploads\/2019\/02\/lluvia-ideas.jpg?resize=1024%2C768&amp;ssl=1 1024w, https:\/\/i2.wp.com\/retotmp.valnaloneduca.com\/wp-content\/uploads\/2019\/02\/lluvia-ideas.jpg?resize=768%2C576&amp;ssl=1 768w\" sizes=\"(max-width: 910px) 100vw, 910px\" data-recalc-dims=\"1\" \/><\/p>\n<p style=\"text-align:justify;\">Nuestra lluvia de ideas:<\/p>\n<ol style=\"text-align:justify;\">\n<li>Los fines de semana la gente joven en la factor\u00eda podr\u00eda disfrutrar acudiendo a <strong>CONCIERTOS<\/strong> de gente que llame la atenci\u00f3n y conocida.<\/li>\n<li>Para Divertirnos sin dinero se podr\u00edan realizar <strong>QUEDADAS<\/strong> entre gente con semejantes gustos para charlar sobre ello.<\/li>\n<li>Para realizar <strong>FIESTAS<\/strong> vinculadas a el arte se podr\u00edan hacer con tem\u00e1ticas diferentes,m\u00fasica,comida exposici\u00f3n de cuadros por las paredes&#8230;con el fin de englobar diferentes visiones del arte.<\/li>\n<li>La factor\u00eda es un sitio que a mucha gente joven le puede quedar algo a desmano; se podr\u00eda optar a usar <strong>ESPACIOS AL AIRE LIBRE<\/strong> m\u00e1s cercanos al centro o lugares como las salas del centro de mayores de las meanas.<\/li>\n<li>Se podr\u00edan <strong>CAMBIAR LOS HORARIOS<\/strong> de actividades para amoldaros a gente de nuestra edad. Segun algunas encuestas realizadas en las redes sociales los j\u00f3venes realizan menos extraescolares de 3-6 con lo que se podr\u00eda usar ese franjo horario para las actividades.<\/li>\n<li>La realizaci\u00f3n de actividades mas cortas como de <strong>UNA HORA<\/strong> es mejor para los jovenes; porque no ocupa tanto en el horario y es m\u00e1s posible que acuda mas gente ya que no tienen que quitar tiempo de otras responsabilidades y sirve como desconexi\u00f3n.<\/li>\n<li>El uso de mas espacios libres para las actividades (charlas entre jovenes, actividades grupales&#8230;) puede que sea mas c\u00f3modo no solo para acudir a ellas si no para la promoci\u00f3n de estas actividades y la amenizacion de estas<\/li>\n<li>Creo que las <strong>REDES SOCIALES<\/strong> son un buen medio de comunicaci\u00f3n a la hora de distribuir una informaci\u00f3n de manera efectiva y r\u00e1pida. Y para lugares de como la factoria cultural donde se plantea el uso de actividades p\u00fablicas ser\u00eda una buena manera de conocerlas.<\/li>\n<li>Dentro de un posible nulo rango de presupuesto, esto crear\u00eda un mayor apogeo a las actuaciones posibles. Debido a que se podr\u00eda contratar <strong>PERSONAS INFLUYENTES<\/strong> en distintas edades.<\/li>\n<li>El que hubiera horario para utilizar las instalaciones que nos propone la factoria, har\u00eda en mi opini\u00f3n un mayor uso de estas, debido a que estos <strong>HORARIOS<\/strong> se har\u00edan m\u00e1s <strong>FLEXIBLES<\/strong> a la hora de ponerlos a disposici\u00f3n a las personas con mayor incapacidad a la hora de ir debido a clases extraescolares, deportes&#8230;<\/li>\n<li>Durante el fin de semana los <strong>INSTITUTOS<\/strong> est\u00e1n vac\u00edos, por lo que se podr\u00eda usar sus diferentes espacios para diversos tipos actividades<\/li>\n<li>En los <strong>PARQUES <\/strong>y en las <strong>CALLES<\/strong> hay diversidad de personas de distintas edades por lo que en ellos tambi\u00e9n se puede realizar distintas actividades (jimkanas para ni\u00f1os, actividades de inter\u00e9s cultural para gentes mas mayor,..) o hacer publicidad interactiva para difundir las actividades de la factor\u00eda cultural<\/li>\n<li>Para atraer a gente joven a estos establecimientos (factor\u00eda, casa de la cultura,..) se podr\u00edan ofrecer <strong>ACTIVIDADES L\u00daDICAS E INTERACTIVAS<\/strong> que tuvieran que ver con las distintas tendencias en distintos campos (deportes, moda, m\u00fasica, cine, gastronom\u00eda, arte,..) y que no tengan una duraci\u00f3n muy extensa para dar peque\u00f1as lecciones \u00fatiles y culturales pero interesante para el p\u00fablico joven.<\/li>\n<\/ol>\n<p style=\"text-align:justify;\">\n","protected":false},"excerpt":{"rendered":"<p>Somos uno de los grupos de estudiantes del numero 5, el equipo WE ARE FREE, de primero de bachillerato D.<\/p>\n","protected":false},"author":3,"featured_media":0,"comment_status":"open","ping_status":"open","sticky":false,"template":"","format":"standard","meta":{"spay_email":""},"categories":[18,30],"tags":[],"jetpack_featured_media_url":"","jetpack-related-posts":[{"id":750,"url":"https:\/\/retotmp.valnaloneduca.com\/?p=750","url_meta":{"origin":646,"position":0},"title":"29 equipos...Infinitas ideas en la Factor\u00eda","date":"febrero 26, 2019","format":false,"excerpt":"En el IES N\u00ba 5 se han creado 29 equipos y durante la \u00faltima sesi\u00f3n cada uno ha propuesto 12 ideas para mejorar la programaci\u00f3n art\u00edstica y cultural de la Factor\u00eda as\u00ed como de la Noche Blanca para la edici\u00f3n del 2019.... as\u00ed es que tenemos.... \u00a1\u00a1\u00a1348 IDEAS!!! Una peque\u00f1a\u2026","rel":"","context":"En \u00abIES N\u00ba 5\u00bb","img":{"alt_text":"mindmap-2123973_960_720","src":"https:\/\/i2.wp.com\/retotmp.valnaloneduca.com\/wp-content\/uploads\/2019\/02\/mindmap-2123973_960_720.jpg?resize=350%2C200","width":350,"height":200},"classes":[]},{"id":645,"url":"https:\/\/retotmp.valnaloneduca.com\/?p=645","url_meta":{"origin":646,"position":1},"title":"Tormenta de ideas con el m\u00e9todo SCAMPER","date":"febrero 19, 2019","format":false,"excerpt":"Tormenta de ideas con el m\u00e9todo SCAMPER del equipo \"Todo es verdad\" de 1\u00ba Bach D Sustituir 1.- Deber\u00edan sustituir los horarios de ma\u00f1ana por los nocturnos ya que la gente joven podr\u00eda preferir en sus ratos libres hacer actividades para descansar de los estudios. Ser\u00eda m\u00e1s conveniente el horario\u2026","rel":"","context":"En \u00abIES N\u00ba 5\u00bb","img":{"alt_text":"scamper","src":"https:\/\/i0.wp.com\/retotmp.valnaloneduca.com\/wp-content\/uploads\/2019\/02\/scamper-e1550666265500.jpg?resize=350%2C200","width":350,"height":200},"classes":[]},{"id":739,"url":"https:\/\/retotmp.valnaloneduca.com\/?p=739","url_meta":{"origin":646,"position":2},"title":"Entrevista a gente joven (amigos)","date":"febrero 25, 2019","format":false,"excerpt":"Tras nuestras entrevistas a gente joven de nuestros c\u00edrculos m\u00e1s cercanos (amigos) residentes en Avil\u00e9s e interesados en las actividades relacionadas con el arte, como las ofrecidas en la Factor\u00eda Cultural, hemos sacado las siguientes conclusiones: Los preguntados han mostrado un inter\u00e9s principal en las artes denominadas gr\u00e1ficas como la\u2026","rel":"","context":"En \u00abIES N\u00ba 5\u00bb","img":{"alt_text":"hands-1445244_960_720","src":"https:\/\/i2.wp.com\/retotmp.valnaloneduca.com\/wp-content\/uploads\/2019\/02\/hands-1445244_960_720.jpg?resize=350%2C200","width":350,"height":200},"classes":[]},{"id":575,"url":"https:\/\/retotmp.valnaloneduca.com\/?p=575","url_meta":{"origin":646,"position":3},"title":"Entrevistas a Asociaci\u00f3n Juvenil","date":"febrero 10, 2019","format":false,"excerpt":"La primera entrevista es al presidente de la asociaci\u00f3n juvenil y la segunda a tres miembros de la asociaci\u00f3n de nuestra edad. + Hola, las preguntas son sobre la noche blanca que hay en Avil\u00e9s. \u00bfConoces la noches blanca? - Si, lo de las exposiciones de arte nocturnas y tal\u2026","rel":"","context":"En \u00abIES N\u00ba 5\u00bb","img":{"alt_text":"","src":"","width":0,"height":0},"classes":[]},{"id":622,"url":"https:\/\/retotmp.valnaloneduca.com\/?p=622","url_meta":{"origin":646,"position":4},"title":"Entrevista sobre la Factor\u00eda Cultural a fot\u00f3grafos","date":"febrero 17, 2019","format":false,"excerpt":"RESULTADOS ENCUESTA FACTOR\u00cdA CULTURAL (36 ENTREVISTADOS) \u00bfCONOCES LA FACTOR\u00cdA CULTURAL? El 58% afirma que la conoce (21 pers) , el 17% ha respondido que no (6 pers) y el 25% restante ha o\u00eddo hablar de ella pero nunca han estado (9 pers) SI LA CONOCES \u00bfQUE SABES DE ELLA? (ACT\u2026","rel":"","context":"En \u00abIES N\u00ba 5\u00bb","img":{"alt_text":"fotografo","src":"https:\/\/i0.wp.com\/retotmp.valnaloneduca.com\/wp-content\/uploads\/2019\/02\/fotografo.jpg?resize=350%2C200","width":350,"height":200},"classes":[]},{"id":586,"url":"https:\/\/retotmp.valnaloneduca.com\/?p=586","url_meta":{"origin":646,"position":5},"title":"Entrevista a Paula, integrante del P.A.T.I.O.","date":"febrero 11, 2019","format":false,"excerpt":"En la tarde del viernes 8 de febrero, nos desplazamos para conocer la postura y opiniones de Paula, una de las personas que forman parte del colectivo el P.A.T.I.O. Os dejamos aqu\u00ed la entrevista: -\u00bfConoces la Noche Blanca? + S\u00ed, nosotras desde el servicio de juventud llevamos varios a\u00f1os colaborando\u2026","rel":"","context":"En \u00abIES N\u00ba 5\u00bb","img":{"alt_text":"el patio","src":"https:\/\/i0.wp.com\/retotmp.valnaloneduca.com\/wp-content\/uploads\/2019\/02\/el-patio.jpeg?resize=350%2C200","width":350,"height":200},"classes":[]}],"_links":{"self":[{"href":"https:\/\/retotmp.valnaloneduca.com\/index.php?rest_route=\/wp\/v2\/posts\/646"}],"collection":[{"href":"https:\/\/retotmp.valnaloneduca.com\/index.php?rest_route=\/wp\/v2\/posts"}],"about":[{"href":"https:\/\/retotmp.valnaloneduca.com\/index.php?rest_route=\/wp\/v2\/types\/post"}],"author":[{"embeddable":true,"href":"https:\/\/retotmp.valnaloneduca.com\/index.php?rest_route=\/wp\/v2\/users\/3"}],"replies":[{"embeddable":true,"href":"https:\/\/retotmp.valnaloneduca.com\/index.php?rest_route=%2Fwp%2Fv2%2Fcomments&post=646"}],"version-history":[{"count":0,"href":"https:\/\/retotmp.valnaloneduca.com\/index.php?rest_route=\/wp\/v2\/posts\/646\/revisions"}],"wp:attachment":[{"href":"https:\/\/retotmp.valnaloneduca.com\/index.php?rest_route=%2Fwp%2Fv2%2Fmedia&parent=646"}],"wp:term":[{"taxonomy":"category","embeddable":true,"href":"https:\/\/retotmp.valnaloneduca.com\/index.php?rest_route=%2Fwp%2Fv2%2Fcategories&post=646"},{"taxonomy":"post_tag","embeddable":true,"href":"https:\/\/retotmp.valnaloneduca.com\/index.php?rest_route=%2Fwp%2Fv2%2Ftags&post=646"}],"curies":[{"name":"wp","href":"https:\/\/api.w.org\/{rel}","templated":true}]}}