{"id":688,"date":"2019-02-20T13:16:06","date_gmt":"2019-02-20T13:16:06","guid":{"rendered":"https:\/\/retotmp.wordpress.com\/?p=688"},"modified":"2019-02-20T13:16:06","modified_gmt":"2019-02-20T13:16:06","slug":"decenas-de-entrevistas-decenas-de-ideas","status":"publish","type":"post","link":"https:\/\/retotmp.valnaloneduca.com\/?p=688","title":{"rendered":"Decenas de entrevistas, decenas de ideas&#8230;"},"content":{"rendered":"<p style=\"text-align:justify;\">En tan s\u00f3lo 3 sesiones de trabajo con los estudiantes de 1\u00ba Bachillerato del IES N\u00aa 5 ya han surgido decenas de ideas para presentar a la Facotor\u00eda Cultural de Avil\u00e9s. A\u00fan est\u00e1n por madurar y perfilar pero, ya tenemos una primera aproximaci\u00f3n a los futuros prototipos que presentaremos.<\/p>\n<p style=\"text-align:justify;\">Seguiendo la metodolog\u00eda <strong>DESIGN THINKING<\/strong>, pensamiento de dise\u00f1o, acabamos de finalizar la fase de la <strong>EMPAT\u00cdA. <\/strong>Nuestro objetivo era conocer en profundidad el reto, los actuales y potenciales usuarios\/as de la Factor\u00eda y preocuparnos de sus ideas. Por esta raz\u00f3n, comenzamos con la visita guiada a las instalaciones de la Factor\u00eda de la mano de Anabel Barrio, directora.<\/p>\n<p><img loading=\"lazy\" class=\" size-full wp-image-689 aligncenter\" src=\"https:\/\/i1.wp.com\/retotmp.valnaloneduca.com\/wp-content\/uploads\/2019\/02\/designthinking.png?resize=596%2C330\" alt=\"Designthinking\" width=\"596\" height=\"330\" srcset=\"https:\/\/i1.wp.com\/retotmp.valnaloneduca.com\/wp-content\/uploads\/2019\/02\/designthinking.png?w=596&amp;ssl=1 596w, https:\/\/i1.wp.com\/retotmp.valnaloneduca.com\/wp-content\/uploads\/2019\/02\/designthinking.png?resize=300%2C166&amp;ssl=1 300w\" sizes=\"(max-width: 596px) 100vw, 596px\" data-recalc-dims=\"1\" \/><\/p>\n<p>Y hemos continuado la fase con la realizaci\u00f3n de decenas de entrevistas a j\u00f3venes, representantes de asociaciones juveniles, artistas, fot\u00f3grafos, m\u00fasicos, estudiantes&#8230;etc.<\/p>\n<p>Aqu\u00ed ten\u00e9is un resumen de las conclusiones obtenidas:<\/p>\n<p><img loading=\"lazy\" class=\"alignnone size-full wp-image-690\" src=\"https:\/\/i2.wp.com\/retotmp.valnaloneduca.com\/wp-content\/uploads\/2019\/02\/conclusiones-entrevistas.jpg?resize=910%2C485\" alt=\"conclusiones entrevistas\" width=\"910\" height=\"485\" srcset=\"https:\/\/i2.wp.com\/retotmp.valnaloneduca.com\/wp-content\/uploads\/2019\/02\/conclusiones-entrevistas.jpg?w=960&amp;ssl=1 960w, https:\/\/i2.wp.com\/retotmp.valnaloneduca.com\/wp-content\/uploads\/2019\/02\/conclusiones-entrevistas.jpg?resize=300%2C160&amp;ssl=1 300w, https:\/\/i2.wp.com\/retotmp.valnaloneduca.com\/wp-content\/uploads\/2019\/02\/conclusiones-entrevistas.jpg?resize=768%2C410&amp;ssl=1 768w\" sizes=\"(max-width: 910px) 100vw, 910px\" data-recalc-dims=\"1\" \/><\/p>\n","protected":false},"excerpt":{"rendered":"<p>En tan s\u00f3lo 3 sesiones de trabajo con los estudiantes de 1\u00ba Bachillerato del IES N\u00aa 5 ya han surgido<\/p>\n","protected":false},"author":4,"featured_media":0,"comment_status":"open","ping_status":"open","sticky":false,"template":"","format":"standard","meta":{"spay_email":""},"categories":[18,30],"tags":[],"jetpack_featured_media_url":"","jetpack-related-posts":[{"id":920,"url":"https:\/\/retotmp.valnaloneduca.com\/?p=920","url_meta":{"origin":688,"position":0},"title":"Talento del IES N\u00ba5 en la Factor\u00eda Cultural","date":"abril 3, 2019","format":false,"excerpt":"Tras cinco semanas de trabajo con los retos, lleg\u00f3 el momento esperado...la presentaci\u00f3n de las ideas trabajadas. Muchos\/as estaban nerviosas pero tambi\u00e9n con la ilusi\u00f3n de presentar las propuestas para la Noche Blanca de Avil\u00e9s y la Programaci\u00f3n art\u00edstica, cultural y formativa de la Factor\u00eda Cultural. Fueron pocas horas pero,\u2026","rel":"","context":"En \u00abIES N\u00ba 5\u00bb","img":{"alt_text":"","src":"https:\/\/i1.wp.com\/retotmp.valnaloneduca.com\/wp-content\/uploads\/2019\/04\/img_20190320_110316_656-scaled.jpg?resize=350%2C200","width":350,"height":200},"classes":[]},{"id":926,"url":"https:\/\/retotmp.valnaloneduca.com\/?p=926","url_meta":{"origin":688,"position":1},"title":"Prototipos para la Factor\u00eda","date":"abril 3, 2019","format":false,"excerpt":"Durante estos d\u00edas ha sido un placer contar con la colaboraci\u00f3n de la directora de la Factor\u00eda Cultural para acercarse al IES N\u00ba 5 a intercambiar impresiones sobre las ideas trabajadas pero, sus responsabilidades y compromisos con la Factor\u00eda Cultural no ha permitido que pudiera presenciar todas las presentaciones. De\u2026","rel":"","context":"En \u00abIES N\u00ba 5\u00bb","img":{"alt_text":"","src":"https:\/\/i2.wp.com\/retotmp.valnaloneduca.com\/wp-content\/uploads\/2019\/04\/noche-blanca-total-1.png?resize=350%2C200","width":350,"height":200},"classes":[]},{"id":739,"url":"https:\/\/retotmp.valnaloneduca.com\/?p=739","url_meta":{"origin":688,"position":2},"title":"Entrevista a gente joven (amigos)","date":"febrero 25, 2019","format":false,"excerpt":"Tras nuestras entrevistas a gente joven de nuestros c\u00edrculos m\u00e1s cercanos (amigos) residentes en Avil\u00e9s e interesados en las actividades relacionadas con el arte, como las ofrecidas en la Factor\u00eda Cultural, hemos sacado las siguientes conclusiones: Los preguntados han mostrado un inter\u00e9s principal en las artes denominadas gr\u00e1ficas como la\u2026","rel":"","context":"En \u00abIES N\u00ba 5\u00bb","img":{"alt_text":"hands-1445244_960_720","src":"https:\/\/i2.wp.com\/retotmp.valnaloneduca.com\/wp-content\/uploads\/2019\/02\/hands-1445244_960_720.jpg?resize=350%2C200","width":350,"height":200},"classes":[]},{"id":530,"url":"https:\/\/retotmp.valnaloneduca.com\/?p=530","url_meta":{"origin":688,"position":3},"title":"Visita a la Factor\u00eda Cultural","date":"febrero 4, 2019","format":false,"excerpt":"Los retos propuestos por la Factor\u00eda Cultural han comenzado, como no pod\u00eda ser de otra manera, con una visita a las instalaciones. El objetivo era conocer los espacios y la programaci\u00f3n disponible. Recorrimos todos los espacios, las aulas de cer\u00e1mica, grabado y pintura, el cuarto de hornos el\u00e9ctricos y de\u2026","rel":"","context":"En \u00abIES N\u00ba 5\u00bb","img":{"alt_text":"","src":"https:\/\/i1.wp.com\/retotmp.valnaloneduca.com\/wp-content\/uploads\/2019\/02\/whatsapp-image-2019-02-04-at-12.02.23-2.jpeg?resize=350%2C200","width":350,"height":200},"classes":[]},{"id":750,"url":"https:\/\/retotmp.valnaloneduca.com\/?p=750","url_meta":{"origin":688,"position":4},"title":"29 equipos...Infinitas ideas en la Factor\u00eda","date":"febrero 26, 2019","format":false,"excerpt":"En el IES N\u00ba 5 se han creado 29 equipos y durante la \u00faltima sesi\u00f3n cada uno ha propuesto 12 ideas para mejorar la programaci\u00f3n art\u00edstica y cultural de la Factor\u00eda as\u00ed como de la Noche Blanca para la edici\u00f3n del 2019.... as\u00ed es que tenemos.... \u00a1\u00a1\u00a1348 IDEAS!!! Una peque\u00f1a\u2026","rel":"","context":"En \u00abIES N\u00ba 5\u00bb","img":{"alt_text":"mindmap-2123973_960_720","src":"https:\/\/i2.wp.com\/retotmp.valnaloneduca.com\/wp-content\/uploads\/2019\/02\/mindmap-2123973_960_720.jpg?resize=350%2C200","width":350,"height":200},"classes":[]},{"id":527,"url":"https:\/\/retotmp.valnaloneduca.com\/?p=527","url_meta":{"origin":688,"position":5},"title":"Reto art\u00edstico y cultural","date":"febrero 4, 2019","format":false,"excerpt":"La semana pasada comenzamos 4 cursos tmp con algo m\u00e1s de 100 estudiantes de 1\u00ba bachillerato del IES N\u00ba 5 de Avil\u00e9s. Los retos han sido propuestos por la FACTOR\u00cdA CULTURAL de AVIL\u00c9S, Centro Art\u00edstico Multidisciplinar de la Fundaci\u00f3n Municipal de Cultura del Ayuntamiento de Avil\u00e9s. Y dado el perfil\u2026","rel":"","context":"En \u00abIES N\u00ba 5\u00bb","img":{"alt_text":"","src":"","width":0,"height":0},"classes":[]}],"_links":{"self":[{"href":"https:\/\/retotmp.valnaloneduca.com\/index.php?rest_route=\/wp\/v2\/posts\/688"}],"collection":[{"href":"https:\/\/retotmp.valnaloneduca.com\/index.php?rest_route=\/wp\/v2\/posts"}],"about":[{"href":"https:\/\/retotmp.valnaloneduca.com\/index.php?rest_route=\/wp\/v2\/types\/post"}],"author":[{"embeddable":true,"href":"https:\/\/retotmp.valnaloneduca.com\/index.php?rest_route=\/wp\/v2\/users\/4"}],"replies":[{"embeddable":true,"href":"https:\/\/retotmp.valnaloneduca.com\/index.php?rest_route=%2Fwp%2Fv2%2Fcomments&post=688"}],"version-history":[{"count":0,"href":"https:\/\/retotmp.valnaloneduca.com\/index.php?rest_route=\/wp\/v2\/posts\/688\/revisions"}],"wp:attachment":[{"href":"https:\/\/retotmp.valnaloneduca.com\/index.php?rest_route=%2Fwp%2Fv2%2Fmedia&parent=688"}],"wp:term":[{"taxonomy":"category","embeddable":true,"href":"https:\/\/retotmp.valnaloneduca.com\/index.php?rest_route=%2Fwp%2Fv2%2Fcategories&post=688"},{"taxonomy":"post_tag","embeddable":true,"href":"https:\/\/retotmp.valnaloneduca.com\/index.php?rest_route=%2Fwp%2Fv2%2Ftags&post=688"}],"curies":[{"name":"wp","href":"https:\/\/api.w.org\/{rel}","templated":true}]}}