{"id":692,"date":"2019-02-22T08:21:04","date_gmt":"2019-02-22T08:21:04","guid":{"rendered":"https:\/\/retotmp.wordpress.com\/?p=692"},"modified":"2019-02-22T08:21:04","modified_gmt":"2019-02-22T08:21:04","slug":"trabajando","status":"publish","type":"post","link":"https:\/\/retotmp.valnaloneduca.com\/?p=692","title":{"rendered":"TRABAJANDO"},"content":{"rendered":"<p>En esta sesi\u00f3n hemos estado centrando las ideas que han salido de LA TORMENTA DE IDEAS para darles forma.<\/p>\n<p><img loading=\"lazy\" src=\"https:\/\/i2.wp.com\/retotmp.valnaloneduca.com\/wp-content\/uploads\/2019\/02\/1.jpg?resize=300%2C225\" alt=\"\" width=\"300\" height=\"225\" class=\"alignright size-medium wp-image-693\" data-recalc-dims=\"1\" \/><\/p>\n<p><img loading=\"lazy\" src=\"https:\/\/i0.wp.com\/retotmp.valnaloneduca.com\/wp-content\/uploads\/2019\/02\/2.jpg?resize=300%2C225\" alt=\"\" width=\"300\" height=\"225\" class=\"alignright size-medium wp-image-694\" data-recalc-dims=\"1\" \/> <\/p>\n<p>Los par\u00e1metros que seguimos son CREAR ideas de nuevo producto, DISE\u00d1AR envase innovador y COMUNICARLO. <\/p>\n<p>El alumando esta muy motivado y ya est\u00e1 preparando diferentes PROTOTIPOS para sorprender a la empresa.<\/p>\n<p>En la pr\u00f3xima sesi\u00f3n acudira LAURA, de la empresa NESTL\u00c9, para recibir las soluciones que han trabajado, el alumnado, durante estos d\u00edas.<\/p>\n<p>Los estudiantes tendr\u00e1n que COMUNICAR, por grupos , a la empresa, su trabajo.<\/p>\n<p>Os seguiremos informando.<\/p>\n","protected":false},"excerpt":{"rendered":"<p>En esta sesi\u00f3n hemos estado centrando las ideas que han salido de LA TORMENTA DE IDEAS para darles forma. Los<\/p>\n","protected":false},"author":3,"featured_media":0,"comment_status":"open","ping_status":"open","sticky":false,"template":"","format":"standard","meta":{"spay_email":""},"categories":[7,30],"tags":[],"jetpack_featured_media_url":"","jetpack-related-posts":[{"id":2342,"url":"https:\/\/retotmp.valnaloneduca.com\/?p=2342","url_meta":{"origin":692,"position":0},"title":"NORJOMI 2022-23","date":"marzo 8, 2023","format":false,"excerpt":"Comenzamos un RETO que realizaremos a lo largo de este mes de marzo en NORJOMI-Asociaci\u00f3n Cultural Norte Joven Mieres, con el proyecto Joven Oc\u00fapate, que lo gestiona Irene Granda Gonz\u00e1lez . El alumnado que lo va a recibir ser\u00e1 el grupo Grabaci\u00f3n de datos. El RETO nos lo define Marcos\u2026","rel":"","context":"En \u00abCurso 2022-2023\u00bb","img":{"alt_text":"","src":"https:\/\/i2.wp.com\/retotmp.valnaloneduca.com\/wp-content\/uploads\/2023\/03\/20230307_141413.jpg?resize=350%2C200&ssl=1","width":350,"height":200},"classes":[]},{"id":2720,"url":"https:\/\/retotmp.valnaloneduca.com\/?p=2720","url_meta":{"origin":692,"position":1},"title":"NORJOMI 2023-24","date":"mayo 27, 2024","format":false,"excerpt":"Comenzamos dos acciones\u00a0que vamos a realizar a lo largo de estos meses de mayo y junio en\u00a0NORJOMI-Asociaci\u00f3n Cultural Norte Joven Mieres-con los\u00a0proyectos Joven Oc\u00fapate y la Escuela Taller, que lo gestionan\u00a0Irene Granda y Pilar Torre. El alumnado que lo va a recibir ser\u00e1 los grupos\u00a0Auxiliar administrativo y de Carpinter\u00eda. El\u2026","rel":"","context":"En \u00abCurso 2023-2024\u00bb","img":{"alt_text":"","src":"https:\/\/i2.wp.com\/retotmp.valnaloneduca.com\/wp-content\/uploads\/2024\/06\/image-9.png?resize=350%2C200&ssl=1","width":350,"height":200},"classes":[]},{"id":1390,"url":"https:\/\/retotmp.valnaloneduca.com\/?p=1390","url_meta":{"origin":692,"position":2},"title":"TRABAJANDO","date":"febrero 4, 2020","format":false,"excerpt":"Hemos empezado la sesi\u00f3n present\u00e1ndonos y creando equipos. Lo primero, para ver c\u00f3mo se manejan en grupo, realizamos una din\u00e1mica donde han construido, cada uno, una torre con materiales definidos y con tiempo establecido. A continuaci\u00f3n, en grupo, realizamos una TORMENTA DE IDEAS para acercarnos a las posibles soluciones de\u2026","rel":"","context":"En \u00abEscuela 2\u00ba oportunidad 2019-2020-Gij\u00f3n\u00bb","img":{"alt_text":"","src":"https:\/\/i0.wp.com\/retotmp.valnaloneduca.com\/wp-content\/uploads\/2020\/02\/trabajando-1.jpg?resize=350%2C200","width":350,"height":200},"classes":[]},{"id":2850,"url":"https:\/\/retotmp.valnaloneduca.com\/?p=2850","url_meta":{"origin":692,"position":3},"title":"COLEGIO VIRGEN MEDIADORA-LAS DOMINICAS-GIJ\u00d3N 2024-25","date":"mayo 22, 2025","format":false,"excerpt":"En los meses de abril y mayo realizamos\u00a0un RETO de Taller para Emprender (tmp) en el COLEGIO VIRGEN MEDIADORA-LAS DOMINICAS de Gij\u00f3n\u00a0a dos cursos de\u00a01\u00ba de bachiller A y B. Empresa y Centro educativo Este a\u00f1o colaboramos con \u00a0Asturias Asesores\u00a0, en cuya representaci\u00f3n acude Ana Cancelas, Directora de AC Asturias\u2026","rel":"","context":"En \u00abColegio Virgen Mediadora-Dominicas 2024-25\u00bb","img":{"alt_text":"","src":"https:\/\/i0.wp.com\/retotmp.valnaloneduca.com\/wp-content\/uploads\/2025\/05\/1.jpg?resize=350%2C200&ssl=1","width":350,"height":200},"classes":[]},{"id":2541,"url":"https:\/\/retotmp.valnaloneduca.com\/?p=2541","url_meta":{"origin":692,"position":4},"title":"CIFP LA LABORAL 2023-24","date":"octubre 26, 2023","format":false,"excerpt":"En los meses de noviembre y diciembre realizaremos\u00a0dos RETOS de Taller para Emprender (tmp) en el CIFP LA LABORAL de Gij\u00f3n. Hemos empezado\u00a0el primer RETO\u00a0con el alumnado del\u00a0CFGM Gesti\u00f3n Administrativa, tutorizado por Jos\u00e9 Manuel Fern\u00e1ndez Busto, Jefe de departamento de Administraci\u00f3n y Gesti\u00f3n-Coordinador de bienestar y por su profesora de\u2026","rel":"","context":"En \u00abCIFP LA LABORAL GIJ\u00d3N 2023-24\u00bb","img":{"alt_text":"","src":"https:\/\/i2.wp.com\/retotmp.valnaloneduca.com\/wp-content\/uploads\/2023\/11\/Imagen1.jpg?resize=350%2C200&ssl=1","width":350,"height":200},"classes":[]},{"id":2033,"url":"https:\/\/retotmp.valnaloneduca.com\/?p=2033","url_meta":{"origin":692,"position":5},"title":"ESCUELA DE SEGUNDA OPORTUNIDAD GIJ\u00d3N 2020-21","date":"mayo 20, 2021","format":false,"excerpt":"En los meses de abril y mayo realizamos\u00a0 un RETO PRESENCIAL de Taller para Emprender (tmp) en la escuela de segunda oportunidad donde han colaborado tanto la escuela como la agencia local de promoci\u00f3n econ\u00f3mica https:\/\/www.facebook.com\/EmpleoGijon del ayuntamiento de Gij\u00f3n. El RETO nos lo pone la empresa KIWINBIO https:\/\/kiwinbio.com que\u2026","rel":"","context":"En \u00abCurso 2020-2021\u00bb","img":{"alt_text":"","src":"https:\/\/i1.wp.com\/retotmp.valnaloneduca.com\/wp-content\/uploads\/2021\/05\/grupocris-1.jpg?resize=350%2C200&ssl=1","width":350,"height":200},"classes":[]}],"_links":{"self":[{"href":"https:\/\/retotmp.valnaloneduca.com\/index.php?rest_route=\/wp\/v2\/posts\/692"}],"collection":[{"href":"https:\/\/retotmp.valnaloneduca.com\/index.php?rest_route=\/wp\/v2\/posts"}],"about":[{"href":"https:\/\/retotmp.valnaloneduca.com\/index.php?rest_route=\/wp\/v2\/types\/post"}],"author":[{"embeddable":true,"href":"https:\/\/retotmp.valnaloneduca.com\/index.php?rest_route=\/wp\/v2\/users\/3"}],"replies":[{"embeddable":true,"href":"https:\/\/retotmp.valnaloneduca.com\/index.php?rest_route=%2Fwp%2Fv2%2Fcomments&post=692"}],"version-history":[{"count":0,"href":"https:\/\/retotmp.valnaloneduca.com\/index.php?rest_route=\/wp\/v2\/posts\/692\/revisions"}],"wp:attachment":[{"href":"https:\/\/retotmp.valnaloneduca.com\/index.php?rest_route=%2Fwp%2Fv2%2Fmedia&parent=692"}],"wp:term":[{"taxonomy":"category","embeddable":true,"href":"https:\/\/retotmp.valnaloneduca.com\/index.php?rest_route=%2Fwp%2Fv2%2Fcategories&post=692"},{"taxonomy":"post_tag","embeddable":true,"href":"https:\/\/retotmp.valnaloneduca.com\/index.php?rest_route=%2Fwp%2Fv2%2Ftags&post=692"}],"curies":[{"name":"wp","href":"https:\/\/api.w.org\/{rel}","templated":true}]}}