{"id":700,"date":"2019-02-24T14:02:42","date_gmt":"2019-02-24T14:02:42","guid":{"rendered":"https:\/\/retotmp.wordpress.com\/?p=700"},"modified":"2019-02-24T14:02:42","modified_gmt":"2019-02-24T14:02:42","slug":"veenfies-mision-de-transmision","status":"publish","type":"post","link":"https:\/\/retotmp.valnaloneduca.com\/?p=700","title":{"rendered":"Veenfies, misi\u00f3n de transmisi\u00f3n"},"content":{"rendered":"<p>Tras haber realizado encuestas a un supuesto p\u00fablico objetivo como es nuestra clase y a las componentes del grupo, hemos conseguido los siguientes resultados.<\/p>\n<p>Comenzando por la encuesta a las personas de clase, la primera pregunta ped\u00eda que dijeran lo mejor de la actuaci\u00f3n del pasado lunes en una o dos palabras. Las m\u00e1s repetidas fueron la corista con 4 menciones y la cantante con 2.<\/p>\n<p>La segunda pregunta se trataba de lo mismo pero en este caso tendr\u00edan que decir lo peor. Los resultados fueron 6 menciones a la puesta en escena y 2 a la timidez y la actuaci\u00f3n.<\/p>\n<p>La tercera pregunta ped\u00eda una valoraci\u00f3n del 1 al 10 para diferentes conceptos y estas fueron las medias de las respuestas:<\/p>\n<p>Voz: 7,14<\/p>\n<p>Instrumental: 8,22<\/p>\n<p>Potencial: 7,2<\/p>\n<p>Actuaci\u00f3n: 5,77<\/p>\n<p>Sonido: 4,93<\/p>\n<p>Repertorio: 6,3<\/p>\n<p>Para la cuarta pregunta tambi\u00e9n se pidi\u00f3 una valoraci\u00f3n del 1 al 10 en este caso del nombre, adem\u00e1s se pidi\u00f3 en caso de que existiera, una contra que este tuviera. El resultado fue una puntuaci\u00f3n de 6,93 destacando por los encuestados que era dif\u00edcil de escribir y de pronunciar.<\/p>\n<p>Preguntamos tambi\u00e9n con qu\u00e9 estilo de m\u00fasica identificaron al grupo, el vencedor fue el pop-rock.<\/p>\n<p>Por \u00faltimo pedimos que nos dijeran qu\u00e9 importancia ten\u00eda el vestuario con la opci\u00f3n de se\u00f1alar muy importante, importante, poco importante o sin importancia, el ganador en este caso fue el \u2018importante\u2019.<\/p>\n<p><img loading=\"lazy\" class=\"alignnone size-full wp-image-614\" src=\"https:\/\/i1.wp.com\/retotmp.valnaloneduca.com\/wp-content\/uploads\/2019\/02\/whatsapp-image-2019-02-15-at-18.44.35-1.jpeg?resize=910%2C683\" alt=\"whatsapp image 2019 02 15 at 18.44.35 1\" width=\"910\" height=\"683\" srcset=\"https:\/\/i1.wp.com\/retotmp.valnaloneduca.com\/wp-content\/uploads\/2019\/02\/whatsapp-image-2019-02-15-at-18.44.35-1.jpeg?w=1600&amp;ssl=1 1600w, https:\/\/i1.wp.com\/retotmp.valnaloneduca.com\/wp-content\/uploads\/2019\/02\/whatsapp-image-2019-02-15-at-18.44.35-1.jpeg?resize=300%2C225&amp;ssl=1 300w, https:\/\/i1.wp.com\/retotmp.valnaloneduca.com\/wp-content\/uploads\/2019\/02\/whatsapp-image-2019-02-15-at-18.44.35-1.jpeg?resize=1024%2C768&amp;ssl=1 1024w, https:\/\/i1.wp.com\/retotmp.valnaloneduca.com\/wp-content\/uploads\/2019\/02\/whatsapp-image-2019-02-15-at-18.44.35-1.jpeg?resize=768%2C576&amp;ssl=1 768w, https:\/\/i1.wp.com\/retotmp.valnaloneduca.com\/wp-content\/uploads\/2019\/02\/whatsapp-image-2019-02-15-at-18.44.35-1.jpeg?resize=1536%2C1152&amp;ssl=1 1536w\" sizes=\"(max-width: 910px) 100vw, 910px\" data-recalc-dims=\"1\" \/><\/p>\n<p>En la entrevista a las integrantes del grupo, utilizamos un cuestionario m\u00e1s\u00a0 extenso con el fin de que ellas nos dijeran como se ven y lo que pretend\u00edan conseguir.<\/p>\n<p>En sus puntos fuertes han querido destacar el entusiasmo, el compromiso y la amistad, mientras que en los d\u00e9biles lo m\u00e1s destacado es la falta de tiempo para ensayar.<\/p>\n<p>Tambi\u00e9n pedimos que valoraran del 1 al 10 los mismos aspectos que en la encuesta anterior y estas fueron las medias:<\/p>\n<p>Voz: 9,25<\/p>\n<p>Instrumental: 8,75<\/p>\n<p>Potencial: 10<\/p>\n<p>Actuaci\u00f3n: 7<\/p>\n<p>Sonido: 8,25<\/p>\n<p>Repertorio: 8,25<\/p>\n<p>En cuanto al g\u00e9nero musical que identifica al grupo est\u00e1n m\u00e1s o menos de acuerdo pues sus respuestas fueron: pop-rock, indie, rock y pop-rock indie y as\u00ed como los encuestados en clase, tambi\u00e9n creen que sea importante el vestuario para un grupo de m\u00fasica, queriendo, m\u00e1s en concreto tener cada una su estilo pero en sinton\u00eda de colores y formas, adem\u00e1s, una de ellas destac\u00f3 que la idea era utilizar el color negro como base.<\/p>\n<p>Con esta encuesta hemos entendido que la principal ayuda que quieren es a manejar las redes sociales para, de este modo, poder llegar a m\u00e1s personas, adem\u00e1s, su objetivo es al menos conseguir llegar a dar conciertos as\u00ed como participar en festivales de m\u00fasica, locales, regionales e incluso nacionales.<\/p>\n","protected":false},"excerpt":{"rendered":"<p>Tras haber realizado encuestas a un supuesto p\u00fablico objetivo como es nuestra clase y a las componentes del grupo, hemos<\/p>\n","protected":false},"author":3,"featured_media":0,"comment_status":"open","ping_status":"open","sticky":false,"template":"","format":"standard","meta":{"spay_email":""},"categories":[21,30],"tags":[],"jetpack_featured_media_url":"","jetpack-related-posts":[{"id":583,"url":"https:\/\/retotmp.valnaloneduca.com\/?p=583","url_meta":{"origin":700,"position":0},"title":"Cuestionario sobre la Noche Blanca a los alumnos del C.P San Crist\u00f3bal","date":"febrero 11, 2019","format":false,"excerpt":"Para esta primera ten\u00edamos pensado, en un principio, entrevistar a las alumnas de la academia de danza \"Step\", lo cual no nos fue posible por la falta de tiempo, sin embargo la madre de una de nosotras trabaja en el colegio de educaci\u00f3n especial San Crist\u00f3bal. Al ser un colegio\u2026","rel":"","context":"En \u00abIES N\u00ba 5\u00bb","img":{"alt_text":"","src":"https:\/\/i2.wp.com\/retotmp.valnaloneduca.com\/wp-content\/uploads\/2019\/02\/logo.jpg?resize=350%2C200","width":350,"height":200},"classes":[]},{"id":1112,"url":"https:\/\/retotmp.valnaloneduca.com\/?p=1112","url_meta":{"origin":700,"position":1},"title":"Resultados encuesta a alumnos (NSA)","date":"mayo 10, 2019","format":false,"excerpt":"Buenas, la primera parte del proyecto era empatizar con un grupo de personas relacionadas con el instituto, nosotros escogimos a los\/as alumnos\/as de nuestro centro y para empatizar con ellos\/as decidimos hacer una encuesta online y recoger los resultados para saber como se sienten en el instituto y que hacer\u2026","rel":"","context":"En \u00abIES Magdalena\u00bb","img":{"alt_text":"","src":"https:\/\/i1.wp.com\/retotmp.valnaloneduca.com\/wp-content\/uploads\/2019\/05\/sin-tc3adtulo.png?resize=350%2C200","width":350,"height":200},"classes":[]},{"id":581,"url":"https:\/\/retotmp.valnaloneduca.com\/?p=581","url_meta":{"origin":700,"position":2},"title":"Encuesta a gente entre 14 y 21 a\u00f1os","date":"febrero 11, 2019","format":false,"excerpt":"Hemos realizado una encuesta a un total de 42 adolescentes de Avil\u00e9s. El 70% de la gente no conoc\u00eda la factoria cultural, la mayor\u00eda no pertenec\u00eda al instituto por lo que muchos de ellos desconoc\u00eda la existencia de sus actividades, es por eso que un 60% desconoce las actividades y\u2026","rel":"","context":"En \u00abIES N\u00ba 5\u00bb","img":{"alt_text":"","src":"","width":0,"height":0},"classes":[]},{"id":575,"url":"https:\/\/retotmp.valnaloneduca.com\/?p=575","url_meta":{"origin":700,"position":3},"title":"Entrevistas a Asociaci\u00f3n Juvenil","date":"febrero 10, 2019","format":false,"excerpt":"La primera entrevista es al presidente de la asociaci\u00f3n juvenil y la segunda a tres miembros de la asociaci\u00f3n de nuestra edad. + Hola, las preguntas son sobre la noche blanca que hay en Avil\u00e9s. \u00bfConoces la noches blanca? - Si, lo de las exposiciones de arte nocturnas y tal\u2026","rel":"","context":"En \u00abIES N\u00ba 5\u00bb","img":{"alt_text":"","src":"","width":0,"height":0},"classes":[]},{"id":706,"url":"https:\/\/retotmp.valnaloneduca.com\/?p=706","url_meta":{"origin":700,"position":4},"title":"Encuesta online reto musical - Equipo Estrella Polar","date":"febrero 24, 2019","format":false,"excerpt":"Nuestro grupo con esta encuesta ha querido saber el gusto musical de la gente seg\u00fan g\u00e9nero y edad, y saber que tipo de m\u00fasica escuchan m\u00e1s. Esta encuesta ha sido realizada online. Hemos recibido 186 respuestas. Han contestado 143 mujeres, y 43 hombres. \u00b7 140 personas de entre 18 y\u2026","rel":"","context":"En \u00abIES Ram\u00f3n Men\u00e9ndez Pidal\u00bb","img":{"alt_text":"","src":"https:\/\/i2.wp.com\/retotmp.valnaloneduca.com\/wp-content\/uploads\/2019\/02\/music-on.-world-off.jpg?resize=350%2C200","width":350,"height":200},"classes":[]},{"id":2607,"url":"https:\/\/retotmp.valnaloneduca.com\/?p=2607","url_meta":{"origin":700,"position":5},"title":"IES REY PELAYO 2023-24","date":"febrero 7, 2024","format":false,"excerpt":"En el mes de\u00a0febrero vamos a realizar\u00a0un\u00a0RETO\u00a0de Taller para Emprender\u00a0(tmp)\u00a0en el\u00a0IES Rey Pelayo\u00a0de Cangas de On\u00eds. Va dirigido a\u00a0alumnado del\u00a02\u00ba de CFGM Gesti\u00f3n Administrativa, tutorizado por su profesora de econom\u00eda\u00a0Ana Rosa M\u00fa\u00f1iz. En\u00a0la primera sesi\u00f3n\u00a0la directora del centro, Do\u00f1a Ana S\u00e1nchez, les ha definido, al alumnado, el\u00a0RETO\u00a0que tienen que trabajar\u2026","rel":"","context":"En \u00abCurso 2023-2024\u00bb","img":{"alt_text":"","src":"https:\/\/i0.wp.com\/retotmp.valnaloneduca.com\/wp-content\/uploads\/2024\/02\/RETO-DIRECTORA.jpg?resize=350%2C200&ssl=1","width":350,"height":200},"classes":[]}],"_links":{"self":[{"href":"https:\/\/retotmp.valnaloneduca.com\/index.php?rest_route=\/wp\/v2\/posts\/700"}],"collection":[{"href":"https:\/\/retotmp.valnaloneduca.com\/index.php?rest_route=\/wp\/v2\/posts"}],"about":[{"href":"https:\/\/retotmp.valnaloneduca.com\/index.php?rest_route=\/wp\/v2\/types\/post"}],"author":[{"embeddable":true,"href":"https:\/\/retotmp.valnaloneduca.com\/index.php?rest_route=\/wp\/v2\/users\/3"}],"replies":[{"embeddable":true,"href":"https:\/\/retotmp.valnaloneduca.com\/index.php?rest_route=%2Fwp%2Fv2%2Fcomments&post=700"}],"version-history":[{"count":0,"href":"https:\/\/retotmp.valnaloneduca.com\/index.php?rest_route=\/wp\/v2\/posts\/700\/revisions"}],"wp:attachment":[{"href":"https:\/\/retotmp.valnaloneduca.com\/index.php?rest_route=%2Fwp%2Fv2%2Fmedia&parent=700"}],"wp:term":[{"taxonomy":"category","embeddable":true,"href":"https:\/\/retotmp.valnaloneduca.com\/index.php?rest_route=%2Fwp%2Fv2%2Fcategories&post=700"},{"taxonomy":"post_tag","embeddable":true,"href":"https:\/\/retotmp.valnaloneduca.com\/index.php?rest_route=%2Fwp%2Fv2%2Ftags&post=700"}],"curies":[{"name":"wp","href":"https:\/\/api.w.org\/{rel}","templated":true}]}}