{"id":703,"date":"2019-02-24T14:28:50","date_gmt":"2019-02-24T14:28:50","guid":{"rendered":"https:\/\/retotmp.wordpress.com\/?p=703"},"modified":"2019-02-24T14:28:50","modified_gmt":"2019-02-24T14:28:50","slug":"entrevista-a-centro-sat","status":"publish","type":"post","link":"https:\/\/retotmp.valnaloneduca.com\/?p=703","title":{"rendered":"Entrevista a centro SAT"},"content":{"rendered":"<p style=\"text-align:justify;\">En el primer reto propuesto para nuestro grupo se nos hizo entrevistar a un centro SAT, en concreto el de Gij\u00f3n, que est\u00e1 en el barrio del Cerillero, y por otra parte entrevistamos tambi\u00e9n a un profesor de nuestro centro. Por aqu\u00ed van las respuestas m\u00e1s interesantes que nos han podido dejar entre las dos partes:<\/p>\n<p style=\"text-align:justify;\"><strong>Centro SAT<\/strong><br \/>\n1.- \u00bfQu\u00e9 tipo de orientaci\u00f3n dais a emprendedores?<br \/>\nAyudamos a emprendedores, empresas y asociaciones a implantar las nuevas tecnolog\u00edas de una forma directa, pr\u00e1ctica y personal.<br \/>\n2.- \u00bfQu\u00e9 indicadores nos hacen ver que una nueva empresa puede tener \u00e9xito?<br \/>\nEl crecimiento que puede llegar a tener en el mercado y la diferenciaci\u00f3n que pueda dar la empresa (en nuestro caso el grupo musical) con el resto de competidores<br \/>\n3.- \u00bfC\u00f3mo podr\u00edamos ayudar a estas chicas a darse a conocer?<br \/>\nPueden darse a conocer a trav\u00e9s de numerosas redes sociales, ya que actualmente mucha gente las usa y se podr\u00edan empezar a promocionar de esta forma<br \/>\n4.- \u00bfQu\u00e9 cualidades deber\u00edan potenciar?<br \/>\nDeber\u00edan potenciar los d\u00faos, ya que tanto la cantante como la pianista tienen muy buena voz<br \/>\n5.- \u00bfHay alg\u00fan tipo de ayuda desde el ayuntamiento, por ejemplo la cesi\u00f3n de espacios para ensayos de grupos musicales?<br \/>\nLa factor\u00eda cultural, por ejemplo, cede espacios para esta tipo de cosas.<\/p>\n<p><a href=\"https:\/\/i1.wp.com\/retotmp.valnaloneduca.com\/wp-content\/uploads\/2019\/02\/cristasa.jpg\"><img loading=\"lazy\" class=\"alignnone size-full wp-image-704\" src=\"https:\/\/i1.wp.com\/retotmp.valnaloneduca.com\/wp-content\/uploads\/2019\/02\/cristasa.jpg?resize=640%2C402\" alt=\"\" width=\"640\" height=\"402\" srcset=\"https:\/\/i1.wp.com\/retotmp.valnaloneduca.com\/wp-content\/uploads\/2019\/02\/cristasa.jpg?w=655&amp;ssl=1 655w, https:\/\/i1.wp.com\/retotmp.valnaloneduca.com\/wp-content\/uploads\/2019\/02\/cristasa.jpg?resize=300%2C188&amp;ssl=1 300w\" sizes=\"(max-width: 640px) 100vw, 640px\" data-recalc-dims=\"1\" \/><\/a><\/p>\n","protected":false},"excerpt":{"rendered":"<p>En el primer reto propuesto para nuestro grupo se nos hizo entrevistar a un centro SAT, en concreto el de<\/p>\n","protected":false},"author":3,"featured_media":0,"comment_status":"open","ping_status":"open","sticky":false,"template":"","format":"standard","meta":{"spay_email":""},"categories":[21,30],"tags":[],"jetpack_featured_media_url":"","jetpack-related-posts":[{"id":2850,"url":"https:\/\/retotmp.valnaloneduca.com\/?p=2850","url_meta":{"origin":703,"position":0},"title":"COLEGIO VIRGEN MEDIADORA-LAS DOMINICAS-GIJ\u00d3N 2024-25","date":"mayo 22, 2025","format":false,"excerpt":"En los meses de abril y mayo realizamos\u00a0un RETO de Taller para Emprender (tmp) en el COLEGIO VIRGEN MEDIADORA-LAS DOMINICAS de Gij\u00f3n\u00a0a dos cursos de\u00a01\u00ba de bachiller A y B. Empresa y Centro educativo Este a\u00f1o colaboramos con \u00a0Asturias Asesores\u00a0, en cuya representaci\u00f3n acude Ana Cancelas, Directora de AC Asturias\u2026","rel":"","context":"En \u00abColegio Virgen Mediadora-Dominicas 2024-25\u00bb","img":{"alt_text":"","src":"https:\/\/i0.wp.com\/retotmp.valnaloneduca.com\/wp-content\/uploads\/2025\/05\/1.jpg?resize=350%2C200&ssl=1","width":350,"height":200},"classes":[]},{"id":2757,"url":"https:\/\/retotmp.valnaloneduca.com\/?p=2757","url_meta":{"origin":703,"position":1},"title":"RETO TMP IES CARRE\u00d1O MIRANDA 2023-24","date":"junio 19, 2024","format":false,"excerpt":"Durante los meses de Enero a Marzo hemos realizado un RETO de Taller para Emprender (TMP) en el IES Carre\u00f1o Miranda de Avil\u00e9s. Presentaci\u00f3n del curso al alumnado y familiares El reto fue lanzado a un grupo de alumnos interesados en el desarrollo del proyecto de 3\u00ba ESO, 4\u00ba ESO\u2026","rel":"","context":"En \u00abCurso 2023-2024\u00bb","img":{"alt_text":"","src":"https:\/\/i0.wp.com\/retotmp.valnaloneduca.com\/wp-content\/uploads\/2024\/06\/image-23.png?resize=350%2C200&ssl=1","width":350,"height":200},"classes":[]},{"id":1401,"url":"https:\/\/retotmp.valnaloneduca.com\/?p=1401","url_meta":{"origin":703,"position":2},"title":"Reto Recicauto: Automoci\u00f3n - Sesi\u00f3n 1","date":"enero 31, 2020","format":false,"excerpt":"El jueves 30 de enero comenz\u00f3 en el IES Nore\u00f1a el Reto TMP para los estudiantes de 1\u00ba Ciclo Formativo de Grado Superior de Automoci\u00f3n. En este reto contamos con la colaboraci\u00f3n de \u00c1lvaro Garc\u00eda, responsable de Recicauto, desguace y Centro Autorizado de Tratamiento del Veh\u00edculo al Final de su\u2026","rel":"","context":"En \u00abIES Nore\u00f1a 2019-2020\u00bb","img":{"alt_text":"reto_tmp_recicauto_nore\u00c3\u00b1a_30-01-20 (2)","src":"https:\/\/i0.wp.com\/retotmp.valnaloneduca.com\/wp-content\/uploads\/2020\/02\/reto_tmp_recicauto_norec3b1a_30-01-20-2.jpg?resize=350%2C200","width":350,"height":200},"classes":[]},{"id":2067,"url":"https:\/\/retotmp.valnaloneduca.com\/?p=2067","url_meta":{"origin":703,"position":3},"title":"IES LLANES-LLANES 2020-21","date":"junio 1, 2021","format":false,"excerpt":"En el mes de abril realizamos\u00a0 un RETO ON LINE+PRESENCIAL de Taller para Emprender (tmp) en el IES LLANES de Llanes. En\u00a0la primera sesi\u00f3n\u00a0ha definido el RETO\u00a0 la empresa QNK https:\/\/www.qnkarquitectura.com , estudio de arquitectura situado en Sama de Langreo, comunic\u00e1ndoselo al alumnado v\u00eda on line. Alumnado QNK- Reto ON\u2026","rel":"","context":"En \u00abCurso 2020-2021\u00bb","img":{"alt_text":"","src":"https:\/\/i1.wp.com\/retotmp.valnaloneduca.com\/wp-content\/uploads\/2021\/06\/almn-1.jpg?resize=350%2C200&ssl=1","width":350,"height":200},"classes":[]},{"id":1441,"url":"https:\/\/retotmp.valnaloneduca.com\/?p=1441","url_meta":{"origin":703,"position":4},"title":"Reto Eberibadi: Estrategias de Comunicaci\u00f3n - Sesi\u00f3n 1","date":"febrero 18, 2020","format":false,"excerpt":"El martes 18 de febrero dio comienzo en el IES Doctor Fleming de Oviedo el Reto TMP para estudiantes de 1\u00ba de Bachillerato Humanidades y Ciencias Sociales dentro de la asignatura de Econom\u00eda. Para este trabajo contamos con la participaci\u00f3n de la empresa de experiencias Eberibadi cuya socia promotora, Laura\u2026","rel":"","context":"En \u00abIES Doctor Fleming 2019-2020\u00bb","img":{"alt_text":"IMG_20200218_110041542","src":"https:\/\/i2.wp.com\/retotmp.valnaloneduca.com\/wp-content\/uploads\/2020\/02\/img_20200218_110041542.jpg?resize=350%2C200","width":350,"height":200},"classes":[]},{"id":2703,"url":"https:\/\/retotmp.valnaloneduca.com\/?p=2703","url_meta":{"origin":703,"position":5},"title":"ESCUELA DE SEGUNDA OPORTUNIDAD GIJ\u00d3N 2023-24","date":"mayo 3, 2024","format":false,"excerpt":"En el mes de\u00a0mayo\u00a0vamos a realizar\u00a0\u00a0un RETO\u00a0de Taller para Emprender\u00a0(tmp) en la escuela de segunda oportunidad\u00a0donde han colaborado tanto\u00a0la escuela como la agencia local de promoci\u00f3n econ\u00f3mica\u00a0https:\/\/www.facebook.com\/EmpleoGijon\u00a0del ayuntamiento de Gij\u00f3n. Arrancamos El\u00a0RETO\u00a0nos lo pondr\u00e1\u00a0https:\/\/www.ocahotels.com\/hoteles\/hotel-oca-palacio-llorea-spa\u00a0que nos lo definir\u00e1 en la sesi\u00f3n donde iremos a visitar sus instalaciones y conocer de primera\u2026","rel":"","context":"En \u00abCurso 2023-2024\u00bb","img":{"alt_text":"","src":"https:\/\/i1.wp.com\/retotmp.valnaloneduca.com\/wp-content\/uploads\/2024\/05\/Imagen2.jpg?resize=350%2C200&ssl=1","width":350,"height":200},"classes":[]}],"_links":{"self":[{"href":"https:\/\/retotmp.valnaloneduca.com\/index.php?rest_route=\/wp\/v2\/posts\/703"}],"collection":[{"href":"https:\/\/retotmp.valnaloneduca.com\/index.php?rest_route=\/wp\/v2\/posts"}],"about":[{"href":"https:\/\/retotmp.valnaloneduca.com\/index.php?rest_route=\/wp\/v2\/types\/post"}],"author":[{"embeddable":true,"href":"https:\/\/retotmp.valnaloneduca.com\/index.php?rest_route=\/wp\/v2\/users\/3"}],"replies":[{"embeddable":true,"href":"https:\/\/retotmp.valnaloneduca.com\/index.php?rest_route=%2Fwp%2Fv2%2Fcomments&post=703"}],"version-history":[{"count":0,"href":"https:\/\/retotmp.valnaloneduca.com\/index.php?rest_route=\/wp\/v2\/posts\/703\/revisions"}],"wp:attachment":[{"href":"https:\/\/retotmp.valnaloneduca.com\/index.php?rest_route=%2Fwp%2Fv2%2Fmedia&parent=703"}],"wp:term":[{"taxonomy":"category","embeddable":true,"href":"https:\/\/retotmp.valnaloneduca.com\/index.php?rest_route=%2Fwp%2Fv2%2Fcategories&post=703"},{"taxonomy":"post_tag","embeddable":true,"href":"https:\/\/retotmp.valnaloneduca.com\/index.php?rest_route=%2Fwp%2Fv2%2Ftags&post=703"}],"curies":[{"name":"wp","href":"https:\/\/api.w.org\/{rel}","templated":true}]}}