{"id":730,"date":"2019-02-25T16:13:09","date_gmt":"2019-02-25T16:13:09","guid":{"rendered":"https:\/\/retotmp.wordpress.com\/?p=730"},"modified":"2019-02-25T16:13:09","modified_gmt":"2019-02-25T16:13:09","slug":"ediciones-cordillera-cantabrica_ies-santa-cristina-de-lena","status":"publish","type":"post","link":"https:\/\/retotmp.valnaloneduca.com\/?p=730","title":{"rendered":"Ediciones Cordillera Cant\u00e1brica_IES Santa Cristina de Lena"},"content":{"rendered":"<p><a href=\"https:\/\/i2.wp.com\/retotmp.valnaloneduca.com\/wp-content\/uploads\/2019\/02\/ediciones_cordillera_catacc81brica.jpg\"><img loading=\"lazy\" class=\"aligncenter size-full wp-image-736\" src=\"https:\/\/i2.wp.com\/retotmp.valnaloneduca.com\/wp-content\/uploads\/2019\/02\/ediciones_cordillera_catacc81brica.jpg?resize=198%2C121\" alt=\"\" width=\"198\" height=\"121\" data-recalc-dims=\"1\" \/><\/a><\/p>\n<p>&nbsp;<\/p>\n","protected":false},"excerpt":{"rendered":"<p>&nbsp;<\/p>\n","protected":false},"author":5,"featured_media":0,"comment_status":"open","ping_status":"open","sticky":false,"template":"","format":"standard","meta":{"spay_email":""},"categories":[25,30],"tags":[],"jetpack_featured_media_url":"","jetpack-related-posts":[{"id":993,"url":"https:\/\/retotmp.valnaloneduca.com\/?p=993","url_meta":{"origin":730,"position":0},"title":"El papel de los Servicios Sociales en Cangas de Narcea","date":"abril 16, 2019","format":false,"excerpt":"Volvemos del descanso de Semana Santa con las pilas cargadas... el primer d\u00eda ya vamos a comenzar un nuevo reto en el IES Cangas de Narcea. Esta vez con estudiantes del CFGM Cuidados Auxiliares de Enfermer\u00eda y de Gesti\u00f3n Administrativa. Casi 30 estudiantes que van a trabajar un reto propuesto\u2026","rel":"","context":"En \u00abIES Cangas de Narcea\u00bb","img":{"alt_text":"viejos","src":"https:\/\/i0.wp.com\/retotmp.valnaloneduca.com\/wp-content\/uploads\/2019\/04\/viejos.jpg?resize=350%2C200","width":350,"height":200},"classes":[]},{"id":521,"url":"https:\/\/retotmp.valnaloneduca.com\/?p=521","url_meta":{"origin":730,"position":1},"title":"IES REY PELAYO-RETO TMP","date":"febrero 4, 2019","format":false,"excerpt":"Ya tenemos reto en el IES Rey Pelayo en Cangas de Onis . Crear y dise\u00f1ar la se\u00f1alizaci\u00f3n de seguridad del centro.Os vamos contando.","rel":"","context":"En \u00abIES Rey Pelayo\u00bb","img":{"alt_text":"IES Rey Pelayo","src":"https:\/\/i2.wp.com\/retotmp.valnaloneduca.com\/wp-content\/uploads\/2019\/02\/ies-rey-pelayo.jpg?resize=350%2C200","width":350,"height":200},"classes":[]},{"id":1441,"url":"https:\/\/retotmp.valnaloneduca.com\/?p=1441","url_meta":{"origin":730,"position":2},"title":"Reto Eberibadi: Estrategias de Comunicaci\u00f3n - Sesi\u00f3n 1","date":"febrero 18, 2020","format":false,"excerpt":"El martes 18 de febrero dio comienzo en el IES Doctor Fleming de Oviedo el Reto TMP para estudiantes de 1\u00ba de Bachillerato Humanidades y Ciencias Sociales dentro de la asignatura de Econom\u00eda. Para este trabajo contamos con la participaci\u00f3n de la empresa de experiencias Eberibadi cuya socia promotora, Laura\u2026","rel":"","context":"En \u00abIES Doctor Fleming 2019-2020\u00bb","img":{"alt_text":"IMG_20200218_110041542","src":"https:\/\/i2.wp.com\/retotmp.valnaloneduca.com\/wp-content\/uploads\/2020\/02\/img_20200218_110041542.jpg?resize=350%2C200","width":350,"height":200},"classes":[]},{"id":1478,"url":"https:\/\/retotmp.valnaloneduca.com\/?p=1478","url_meta":{"origin":730,"position":3},"title":"Reto ASINCAR: Administraci\u00f3n - Sesi\u00f3n 1","date":"febrero 14, 2020","format":false,"excerpt":"El alumnado de 1\u00ba CFGM Gesti\u00f3n Administrativa y de 1\u00ba CFGS Administraci\u00f3n y Finanzas del IES Nore\u00f1a comenz\u00f3 el pasado viernes 14 de febrero su participaci\u00f3n en el proyecto Reto TMP. Para esta actividad contamos con la participaci\u00f3n de ASINCAR (Asociaci\u00f3n de Investigaci\u00f3n de Industrias C\u00e1rnicas del Principado de Asturias)\u2026","rel":"","context":"En \u00abIES Nore\u00f1a 2019-2020\u00bb","img":{"alt_text":"IMG_20200214_102139422","src":"https:\/\/i1.wp.com\/retotmp.valnaloneduca.com\/wp-content\/uploads\/2020\/02\/img_20200214_102139422-3.jpg?resize=350%2C200","width":350,"height":200},"classes":[]},{"id":1454,"url":"https:\/\/retotmp.valnaloneduca.com\/?p=1454","url_meta":{"origin":730,"position":4},"title":"Reto Eberibadi: Asesinato en Vetusta - Sesi\u00f3n 1","date":"febrero 18, 2020","format":false,"excerpt":"El martes 18 de febrero estudiantes de\u00a01\u00ba de Bachillerato Humanidades y Ciencias Sociales del IES Doctor Fleming de Oviedo comenzaron su participaci\u00f3n en el Reto TMP dentro de la asignatura de Econom\u00eda y con la colaboraci\u00f3n de la empresa de experiencias Eberibadi. Su socia promotora, Laura Mateo, acudi\u00f3 al aula\u2026","rel":"","context":"En \u00abIES Doctor Fleming 2019-2020\u00bb","img":{"alt_text":"IMG_20200218_110156513","src":"https:\/\/i0.wp.com\/retotmp.valnaloneduca.com\/wp-content\/uploads\/2020\/02\/img_20200218_110156513.jpg?resize=350%2C200","width":350,"height":200},"classes":[]},{"id":2033,"url":"https:\/\/retotmp.valnaloneduca.com\/?p=2033","url_meta":{"origin":730,"position":5},"title":"ESCUELA DE SEGUNDA OPORTUNIDAD GIJ\u00d3N 2020-21","date":"mayo 20, 2021","format":false,"excerpt":"En los meses de abril y mayo realizamos\u00a0 un RETO PRESENCIAL de Taller para Emprender (tmp) en la escuela de segunda oportunidad donde han colaborado tanto la escuela como la agencia local de promoci\u00f3n econ\u00f3mica https:\/\/www.facebook.com\/EmpleoGijon del ayuntamiento de Gij\u00f3n. El RETO nos lo pone la empresa KIWINBIO https:\/\/kiwinbio.com que\u2026","rel":"","context":"En \u00abCurso 2020-2021\u00bb","img":{"alt_text":"","src":"https:\/\/i1.wp.com\/retotmp.valnaloneduca.com\/wp-content\/uploads\/2021\/05\/grupocris-1.jpg?resize=350%2C200&ssl=1","width":350,"height":200},"classes":[]}],"_links":{"self":[{"href":"https:\/\/retotmp.valnaloneduca.com\/index.php?rest_route=\/wp\/v2\/posts\/730"}],"collection":[{"href":"https:\/\/retotmp.valnaloneduca.com\/index.php?rest_route=\/wp\/v2\/posts"}],"about":[{"href":"https:\/\/retotmp.valnaloneduca.com\/index.php?rest_route=\/wp\/v2\/types\/post"}],"author":[{"embeddable":true,"href":"https:\/\/retotmp.valnaloneduca.com\/index.php?rest_route=\/wp\/v2\/users\/5"}],"replies":[{"embeddable":true,"href":"https:\/\/retotmp.valnaloneduca.com\/index.php?rest_route=%2Fwp%2Fv2%2Fcomments&post=730"}],"version-history":[{"count":0,"href":"https:\/\/retotmp.valnaloneduca.com\/index.php?rest_route=\/wp\/v2\/posts\/730\/revisions"}],"wp:attachment":[{"href":"https:\/\/retotmp.valnaloneduca.com\/index.php?rest_route=%2Fwp%2Fv2%2Fmedia&parent=730"}],"wp:term":[{"taxonomy":"category","embeddable":true,"href":"https:\/\/retotmp.valnaloneduca.com\/index.php?rest_route=%2Fwp%2Fv2%2Fcategories&post=730"},{"taxonomy":"post_tag","embeddable":true,"href":"https:\/\/retotmp.valnaloneduca.com\/index.php?rest_route=%2Fwp%2Fv2%2Ftags&post=730"}],"curies":[{"name":"wp","href":"https:\/\/api.w.org\/{rel}","templated":true}]}}