{"id":753,"date":"2019-02-27T07:30:53","date_gmt":"2019-02-27T07:30:53","guid":{"rendered":"https:\/\/retotmp.wordpress.com\/?p=753"},"modified":"2019-02-27T07:30:53","modified_gmt":"2019-02-27T07:30:53","slug":"presentaciones","status":"publish","type":"post","link":"https:\/\/retotmp.valnaloneduca.com\/?p=753","title":{"rendered":"PRESENTACIONES"},"content":{"rendered":"<p>Hemos realizado la \u00faltima sesi\u00f3n del curso, en el IES REY PELAYO de Cangas de Onis.<\/p>\n<p>El almunado ha estado preparando las presentaciones para comunicarselo a la orientadora del centro y al profesorado.<\/p>\n<p>Ha habido soluciones para todos los gustos. Desde la aplicaci\u00f3n de nuevas se\u00f1ales adaptadas a personas con discapacidades utilizando las nuevas tecnologias, dise\u00f1os innovadores en tema de sistemas de alarmas para aplicar en el centro y la planificaci\u00f3n de simulacros y talleres para explicar las medidas de evacuaci\u00f3n y de las nuevas se\u00f1ales al personal y alumnado del centro para que lo conozcan.<\/p>\n<p><img loading=\"lazy\" src=\"https:\/\/i2.wp.com\/retotmp.valnaloneduca.com\/wp-content\/uploads\/2019\/02\/junto.png?resize=300%2C144\" alt=\"\" width=\"300\" height=\"144\" class=\"alignright size-medium wp-image-758\" srcset=\"https:\/\/i2.wp.com\/retotmp.valnaloneduca.com\/wp-content\/uploads\/2019\/02\/junto.png?w=1061&amp;ssl=1 1061w, https:\/\/i2.wp.com\/retotmp.valnaloneduca.com\/wp-content\/uploads\/2019\/02\/junto.png?resize=300%2C144&amp;ssl=1 300w, https:\/\/i2.wp.com\/retotmp.valnaloneduca.com\/wp-content\/uploads\/2019\/02\/junto.png?resize=1024%2C492&amp;ssl=1 1024w, https:\/\/i2.wp.com\/retotmp.valnaloneduca.com\/wp-content\/uploads\/2019\/02\/junto.png?resize=768%2C369&amp;ssl=1 768w\" sizes=\"(max-width: 300px) 100vw, 300px\" data-recalc-dims=\"1\" \/><\/p>\n<p>El alumnado ha tenido que defender sus ideas y responder a las preguntas del p\u00fablico<\/p>\n<p><img loading=\"lazy\" src=\"https:\/\/i0.wp.com\/retotmp.valnaloneduca.com\/wp-content\/uploads\/2019\/02\/orientadoraprofes.jpg?resize=300%2C225\" alt=\"\" width=\"300\" height=\"225\" class=\"alignright size-medium wp-image-759\" data-recalc-dims=\"1\" \/><\/p>\n<p>Despues realizamos una mesa redonda para debatir entre todos las conclusiones.Ha sido una experiencia que le has motivado y han visto la utilidad de aplicar dicha metodologia para buscar soluciones.<\/p>\n<p>Agredecer al centro y sobre todo a la orientadora y al profesorado que han estado apoyando en todo momento dicha actividad.<\/p>\n","protected":false},"excerpt":{"rendered":"<p>Hemos realizado la \u00faltima sesi\u00f3n del curso, en el IES REY PELAYO de Cangas de Onis. El almunado ha estado<\/p>\n","protected":false},"author":3,"featured_media":0,"comment_status":"open","ping_status":"open","sticky":false,"template":"","format":"standard","meta":{"spay_email":""},"categories":[24,30],"tags":[],"jetpack_featured_media_url":"","jetpack-related-posts":[{"id":2144,"url":"https:\/\/retotmp.valnaloneduca.com\/?p=2144","url_meta":{"origin":753,"position":0},"title":"IES REY PELAYO CANGAS DE ONIS 2021-22","date":"marzo 14, 2022","format":false,"excerpt":"En el mes de marzo realizaremos\u00a0un RETO de Taller para Emprender (tmp) en el IES REY PELAYO de Cangas de Onis. Estamos trabajando\u00a0con el alumnado del\u00a0CFGM de gesti\u00f3n administrativa, tutorizado por su profesora de econom\u00eda\u00a0Ana rosa Mu\u00f1iz. En\u00a0la primera sesi\u00f3n\u00a0la entidad\u00a0educativa\u00a0les ha definido, al alumnado, el\u00a0RETO\u00a0que tienen que trabajar durante\u2026","rel":"","context":"En \u00abCurso 2021-2022\u00bb","img":{"alt_text":"","src":"https:\/\/i1.wp.com\/retotmp.valnaloneduca.com\/wp-content\/uploads\/2022\/03\/Info2.jpg?resize=350%2C200&ssl=1","width":350,"height":200},"classes":[]},{"id":521,"url":"https:\/\/retotmp.valnaloneduca.com\/?p=521","url_meta":{"origin":753,"position":1},"title":"IES REY PELAYO-RETO TMP","date":"febrero 4, 2019","format":false,"excerpt":"Ya tenemos reto en el IES Rey Pelayo en Cangas de Onis . Crear y dise\u00f1ar la se\u00f1alizaci\u00f3n de seguridad del centro.Os vamos contando.","rel":"","context":"En \u00abIES Rey Pelayo\u00bb","img":{"alt_text":"IES Rey Pelayo","src":"https:\/\/i2.wp.com\/retotmp.valnaloneduca.com\/wp-content\/uploads\/2019\/02\/ies-rey-pelayo.jpg?resize=350%2C200","width":350,"height":200},"classes":[]},{"id":555,"url":"https:\/\/retotmp.valnaloneduca.com\/?p=555","url_meta":{"origin":753,"position":2},"title":"EMPEZAMOS","date":"febrero 6, 2019","format":false,"excerpt":"Ayer, 5 de febrero, empezamos el curso, en horario escolar, en el IES REY PELAYO en Cangas de Onis. La profesora Melania Gonz\u00e1lez y la orientadora Ana M\u00ba Aramburu fueron las personas en comunicar al alumnado el reto. Hemos formado los grupos y comenzamos a utilizar la metodolog\u00eda para poder\u2026","rel":"","context":"En \u00abIES Rey Pelayo\u00bb","img":{"alt_text":"","src":"https:\/\/i2.wp.com\/retotmp.valnaloneduca.com\/wp-content\/uploads\/2019\/02\/profesorado1.jpg?resize=350%2C200","width":350,"height":200},"classes":[]},{"id":647,"url":"https:\/\/retotmp.valnaloneduca.com\/?p=647","url_meta":{"origin":753,"position":3},"title":"SE\u00d1ALIZANDO","date":"febrero 20, 2019","format":false,"excerpt":"Hemos estado trabajando en esta segunda sesi\u00f3n exprimiendo las diferentes ENTREVISTAS que han elaborado el alumnado. Sacamos conclusiones muy positivas y acciones ha realizar en el centro. los grupos se ha puesto a ello y han realizado una TORMENTA DE IDEAS para acercarse a las soluciones que van a tener\u2026","rel":"","context":"En \u00abIES Rey Pelayo\u00bb","img":{"alt_text":"","src":"https:\/\/i2.wp.com\/retotmp.valnaloneduca.com\/wp-content\/uploads\/2019\/02\/trabajando.jpg?resize=350%2C200","width":350,"height":200},"classes":[]},{"id":2607,"url":"https:\/\/retotmp.valnaloneduca.com\/?p=2607","url_meta":{"origin":753,"position":4},"title":"IES REY PELAYO 2023-24","date":"febrero 7, 2024","format":false,"excerpt":"En el mes de\u00a0febrero vamos a realizar\u00a0un\u00a0RETO\u00a0de Taller para Emprender\u00a0(tmp)\u00a0en el\u00a0IES Rey Pelayo\u00a0de Cangas de On\u00eds. Va dirigido a\u00a0alumnado del\u00a02\u00ba de CFGM Gesti\u00f3n Administrativa, tutorizado por su profesora de econom\u00eda\u00a0Ana Rosa M\u00fa\u00f1iz. En\u00a0la primera sesi\u00f3n\u00a0la directora del centro, Do\u00f1a Ana S\u00e1nchez, les ha definido, al alumnado, el\u00a0RETO\u00a0que tienen que trabajar\u2026","rel":"","context":"En \u00abCurso 2023-2024\u00bb","img":{"alt_text":"","src":"https:\/\/i0.wp.com\/retotmp.valnaloneduca.com\/wp-content\/uploads\/2024\/02\/RETO-DIRECTORA.jpg?resize=350%2C200&ssl=1","width":350,"height":200},"classes":[]},{"id":1109,"url":"https:\/\/retotmp.valnaloneduca.com\/?p=1109","url_meta":{"origin":753,"position":5},"title":"Evitemos los riesgos del sedentarismo","date":"mayo 10, 2019","format":false,"excerpt":"Nuevos equipos y muchas ideas y propuestas para el reto que nos propone el IES Carmen y Severo Ochoa. En esta ocasi\u00f3n el centro propone a los\/as estudiantes intentar reducir el alto nivel de SEDENTARISMO del alumnado a trav\u00e9s de acciones que se puedan realizar desde el IES. Para ello,\u2026","rel":"","context":"En \u00abIES Carmen y Severo Ochoa\u00bb","img":{"alt_text":"sedent","src":"https:\/\/i1.wp.com\/retotmp.valnaloneduca.com\/wp-content\/uploads\/2019\/05\/sedent.jpg?resize=350%2C200","width":350,"height":200},"classes":[]}],"_links":{"self":[{"href":"https:\/\/retotmp.valnaloneduca.com\/index.php?rest_route=\/wp\/v2\/posts\/753"}],"collection":[{"href":"https:\/\/retotmp.valnaloneduca.com\/index.php?rest_route=\/wp\/v2\/posts"}],"about":[{"href":"https:\/\/retotmp.valnaloneduca.com\/index.php?rest_route=\/wp\/v2\/types\/post"}],"author":[{"embeddable":true,"href":"https:\/\/retotmp.valnaloneduca.com\/index.php?rest_route=\/wp\/v2\/users\/3"}],"replies":[{"embeddable":true,"href":"https:\/\/retotmp.valnaloneduca.com\/index.php?rest_route=%2Fwp%2Fv2%2Fcomments&post=753"}],"version-history":[{"count":0,"href":"https:\/\/retotmp.valnaloneduca.com\/index.php?rest_route=\/wp\/v2\/posts\/753\/revisions"}],"wp:attachment":[{"href":"https:\/\/retotmp.valnaloneduca.com\/index.php?rest_route=%2Fwp%2Fv2%2Fmedia&parent=753"}],"wp:term":[{"taxonomy":"category","embeddable":true,"href":"https:\/\/retotmp.valnaloneduca.com\/index.php?rest_route=%2Fwp%2Fv2%2Fcategories&post=753"},{"taxonomy":"post_tag","embeddable":true,"href":"https:\/\/retotmp.valnaloneduca.com\/index.php?rest_route=%2Fwp%2Fv2%2Ftags&post=753"}],"curies":[{"name":"wp","href":"https:\/\/api.w.org\/{rel}","templated":true}]}}