{"id":780,"date":"2019-03-07T13:02:28","date_gmt":"2019-03-07T13:02:28","guid":{"rendered":"https:\/\/retotmp.wordpress.com\/?p=780"},"modified":"2019-03-07T13:02:28","modified_gmt":"2019-03-07T13:02:28","slug":"nuevo-local-nuevo-reto","status":"publish","type":"post","link":"https:\/\/retotmp.valnaloneduca.com\/?p=780","title":{"rendered":"Nuevo local&#8230;nuevo RETO"},"content":{"rendered":"<p style=\"text-align:justify;\">Barna Guitars, colaborador habitual de Valnal\u00f3n y que en otras ocasiones ha planteado retos a estudiantes, ha hecho mudanza. Ya no est\u00e1 en el Centro de Empresas La Curtidora, despu\u00e9s de 5 a\u00f1os se ha trasladado a un local ubicado en la C\/Hermanos Espolita, n\u00ba 8 de Avil\u00e9s.<\/p>\n<p><img class=\" size-full wp-image-781 aligncenter\" src=\"https:\/\/retotmp.files.wordpress.com\/2019\/03\/barna.jpg?w=910\" alt=\"barna\" data-recalc-dims=\"1\" \/><\/p>\n<p>As\u00ed es que en esta ocasi\u00f3n, Alejandro ha propuesto a estudiantes del CFGM Actividades Comerciales, el reto de dise\u00f1ar su nuevo punto de venta.<\/p>\n<p>Ya estamos deseando comenzar con la obra&#8230;<\/p>\n","protected":false},"excerpt":{"rendered":"<p>Barna Guitars, colaborador habitual de Valnal\u00f3n y que en otras ocasiones ha planteado retos a estudiantes, ha hecho mudanza. Ya<\/p>\n","protected":false},"author":4,"featured_media":0,"comment_status":"open","ping_status":"open","sticky":false,"template":"","format":"standard","meta":{"spay_email":""},"categories":[21,30],"tags":[],"jetpack_featured_media_url":"","jetpack-related-posts":[{"id":1995,"url":"https:\/\/retotmp.valnaloneduca.com\/?p=1995","url_meta":{"origin":780,"position":0},"title":"IES Doctor Fleming 2020-2021","date":"abril 19, 2021","format":false,"excerpt":"Entre enero y abril de 2021 se desarrollaron en el IES Doctor Fleming de Oviedo dos curso Reto TMP organizados por Valnal\u00f3n, con los grupos de 1\u00ba Bachillerato Humanidades y Ciencias Sociales (un total de 46 alumnos y alumnas). Para la ocasi\u00f3n, contamos con la emprendedora Brezo Rub\u00edn de la\u2026","rel":"","context":"En \u00abCurso 2020-2021\u00bb","img":{"alt_text":"","src":"https:\/\/i2.wp.com\/retotmp.valnaloneduca.com\/wp-content\/uploads\/2021\/05\/reto_tu_estrategia_presentacion_ideas-1.jpg?resize=350%2C200&ssl=1","width":350,"height":200},"classes":[]},{"id":2191,"url":"https:\/\/retotmp.valnaloneduca.com\/?p=2191","url_meta":{"origin":780,"position":1},"title":"IES Doctor Fleming 2021-2022","date":"marzo 14, 2022","format":false,"excerpt":"Un curso m\u00e1s el IES Doctor Fleming (Oviedo) particip\u00f3 en el proyecto Reto TMP, actividad organizada por\u00a0Valnal\u00f3n y dirigida a estudiantes de 1\u00ba Bachillerato (en este caso grupos de Humanidades y Ciencias Sociales). En esta actividad participaron un total de 31 alumnos y alumnas, en dos cursos Reto TMP diferentes\u2026","rel":"","context":"En \u00abCurso 2021-2022\u00bb","img":{"alt_text":"","src":"https:\/\/i0.wp.com\/retotmp.valnaloneduca.com\/wp-content\/uploads\/2022\/04\/fleming1.jpg?resize=350%2C200&ssl=1","width":350,"height":200},"classes":[]},{"id":1109,"url":"https:\/\/retotmp.valnaloneduca.com\/?p=1109","url_meta":{"origin":780,"position":2},"title":"Evitemos los riesgos del sedentarismo","date":"mayo 10, 2019","format":false,"excerpt":"Nuevos equipos y muchas ideas y propuestas para el reto que nos propone el IES Carmen y Severo Ochoa. En esta ocasi\u00f3n el centro propone a los\/as estudiantes intentar reducir el alto nivel de SEDENTARISMO del alumnado a trav\u00e9s de acciones que se puedan realizar desde el IES. Para ello,\u2026","rel":"","context":"En \u00abIES Carmen y Severo Ochoa\u00bb","img":{"alt_text":"sedent","src":"https:\/\/i1.wp.com\/retotmp.valnaloneduca.com\/wp-content\/uploads\/2019\/05\/sedent.jpg?resize=350%2C200","width":350,"height":200},"classes":[]},{"id":2134,"url":"https:\/\/retotmp.valnaloneduca.com\/?p=2134","url_meta":{"origin":780,"position":3},"title":"IES La Fresneda 2021-2022","date":"febrero 25, 2022","format":false,"excerpt":"Los meses de enero y febrero de 2022 se desarrollaron en el\u00a0IES La Fresneda dos curso\u00a0Reto TMP\u00a0organizados por\u00a0Valnal\u00f3n y dirigidos a estudiantes de 1\u00ba Bachillerato (uno de Ciencia y Tecnolog\u00eda y otro de Humanidades y Ciencias Sociales). En esta actividad participaron un total de 45 alumnos y alumnas, una experiencia\u2026","rel":"","context":"En \u00abCurso 2021-2022\u00bb","img":{"alt_text":"","src":"https:\/\/i0.wp.com\/retotmp.valnaloneduca.com\/wp-content\/uploads\/2022\/03\/foto1-scaled.jpg?resize=350%2C200&ssl=1","width":350,"height":200},"classes":[]},{"id":969,"url":"https:\/\/retotmp.valnaloneduca.com\/?p=969","url_meta":{"origin":780,"position":4},"title":"Nuevos retos, nuevas ideas para Barna Guitars","date":"abril 5, 2019","format":false,"excerpt":"Hace unos d\u00edas, Alejandro Barna nos hab\u00eda presentado el RETO de presentar propuestas para el dise\u00f1o de su nuevo punto de venta pero, tras las entrevistas realizadas y la informaci\u00f3n analizada, los equipos lo redefinieron y comenzaron a trabajar propuestas de comunicaci\u00f3n a trav\u00e9s de la promoci\u00f3n, las relaciones p\u00fablicas\u2026","rel":"","context":"En \u00abIES Ram\u00f3n Men\u00e9ndez Pidal\u00bb","img":{"alt_text":"","src":"https:\/\/i0.wp.com\/retotmp.valnaloneduca.com\/wp-content\/uploads\/2019\/04\/barna1.png?resize=350%2C200","width":350,"height":200},"classes":[]},{"id":2774,"url":"https:\/\/retotmp.valnaloneduca.com\/?p=2774","url_meta":{"origin":780,"position":5},"title":"RETO TMP TALENT en el IES CARRE\u00d1O MIRANDA: Alumnos desarrollan habilidades clave para el futuro","date":"febrero 13, 2025","format":false,"excerpt":"Un grupo de 24 alumnos y alumnas de 1\u00ba, 2\u00ba y 3\u00ba de la ESO del IES Carre\u00f1o Miranda de Avil\u00e9s han participado en el RETO TMP de Valnal\u00f3n. Durante un mes, divididos en tres grupos, los estudiantes trabajaron con la metodolog\u00eda Design Thinking para resolver tres retos planteados por\u2026","rel":"","context":"En \u00abCurso 2024-2025\u00bb","img":{"alt_text":"","src":"https:\/\/i0.wp.com\/retotmp.valnaloneduca.com\/wp-content\/uploads\/2025\/02\/Cocuyo-2.jpg?resize=350%2C200&ssl=1","width":350,"height":200},"classes":[]}],"_links":{"self":[{"href":"https:\/\/retotmp.valnaloneduca.com\/index.php?rest_route=\/wp\/v2\/posts\/780"}],"collection":[{"href":"https:\/\/retotmp.valnaloneduca.com\/index.php?rest_route=\/wp\/v2\/posts"}],"about":[{"href":"https:\/\/retotmp.valnaloneduca.com\/index.php?rest_route=\/wp\/v2\/types\/post"}],"author":[{"embeddable":true,"href":"https:\/\/retotmp.valnaloneduca.com\/index.php?rest_route=\/wp\/v2\/users\/4"}],"replies":[{"embeddable":true,"href":"https:\/\/retotmp.valnaloneduca.com\/index.php?rest_route=%2Fwp%2Fv2%2Fcomments&post=780"}],"version-history":[{"count":0,"href":"https:\/\/retotmp.valnaloneduca.com\/index.php?rest_route=\/wp\/v2\/posts\/780\/revisions"}],"wp:attachment":[{"href":"https:\/\/retotmp.valnaloneduca.com\/index.php?rest_route=%2Fwp%2Fv2%2Fmedia&parent=780"}],"wp:term":[{"taxonomy":"category","embeddable":true,"href":"https:\/\/retotmp.valnaloneduca.com\/index.php?rest_route=%2Fwp%2Fv2%2Fcategories&post=780"},{"taxonomy":"post_tag","embeddable":true,"href":"https:\/\/retotmp.valnaloneduca.com\/index.php?rest_route=%2Fwp%2Fv2%2Ftags&post=780"}],"curies":[{"name":"wp","href":"https:\/\/api.w.org\/{rel}","templated":true}]}}