{"id":783,"date":"2019-03-13T07:42:30","date_gmt":"2019-03-13T07:42:30","guid":{"rendered":"https:\/\/retotmp.wordpress.com\/?p=783"},"modified":"2019-03-13T07:42:30","modified_gmt":"2019-03-13T07:42:30","slug":"retos-llanes","status":"publish","type":"post","link":"https:\/\/retotmp.valnaloneduca.com\/?p=783","title":{"rendered":"RETO BCH LLANES"},"content":{"rendered":"<p>Vamos a realizar durante el mes de marzo dos reto en el IES llanes. Hemos empezado este lunes con el grupo de bachiller donde la jefa de estudios nos ha comunicado el RETO basado en MEJORAR LA LIMPIEZA DE LOS PASILLOS DESPUES DE LOS RECREOS.<\/p>\n<p><img loading=\"lazy\" src=\"https:\/\/i1.wp.com\/retotmp.valnaloneduca.com\/wp-content\/uploads\/2019\/03\/profe-ies-llanes.jpg?resize=300%2C225\" alt=\"\" width=\"300\" height=\"225\" class=\"alignright size-medium wp-image-784\" data-recalc-dims=\"1\" \/><\/p>\n<p>Hicimos entre todos unas peque\u00f1as presentaciones para conocernos y comenzamos a analizar el RETO.<\/p>\n<p>La misi\u00f3n para la pr\u00f3xima semana ser\u00e1 traer, el alumnado, entrevistas para que nos ayude a encontrar posibles soluciones al RETO<\/p>\n<p>Os seguiremos informando.<\/p>\n","protected":false},"excerpt":{"rendered":"<p>Vamos a realizar durante el mes de marzo dos reto en el IES llanes. Hemos empezado este lunes con el<\/p>\n","protected":false},"author":3,"featured_media":0,"comment_status":"open","ping_status":"open","sticky":false,"template":"","format":"standard","meta":{"spay_email":""},"categories":[16,30],"tags":[],"jetpack_featured_media_url":"","jetpack-related-posts":[{"id":786,"url":"https:\/\/retotmp.valnaloneduca.com\/?p=786","url_meta":{"origin":783,"position":0},"title":"RETO CF LLANES","date":"marzo 15, 2019","format":false,"excerpt":"Hemos arrancado este jueves, el segundo reto en el IES LLANES donde el alumnado del ciclo formativo de administraci\u00f3n y finanzas tendr\u00e1n que buscar acciones para CELEBRAR LA GRADUACI\u00d3N DE BACHILLER Y CICLOS FORMATIVOS DE ESTE A\u00d1O. Loles, jefa de estudios del centro, les ha pedido ayuda para poder llevar\u2026","rel":"","context":"En \u00abIES Llanes\u00bb","img":{"alt_text":"","src":"https:\/\/i0.wp.com\/retotmp.valnaloneduca.com\/wp-content\/uploads\/2019\/03\/loles.jpg?resize=350%2C200","width":350,"height":200},"classes":[]},{"id":2067,"url":"https:\/\/retotmp.valnaloneduca.com\/?p=2067","url_meta":{"origin":783,"position":1},"title":"IES LLANES-LLANES 2020-21","date":"junio 1, 2021","format":false,"excerpt":"En el mes de abril realizamos\u00a0 un RETO ON LINE+PRESENCIAL de Taller para Emprender (tmp) en el IES LLANES de Llanes. En\u00a0la primera sesi\u00f3n\u00a0ha definido el RETO\u00a0 la empresa QNK https:\/\/www.qnkarquitectura.com , estudio de arquitectura situado en Sama de Langreo, comunic\u00e1ndoselo al alumnado v\u00eda on line. Alumnado QNK- Reto ON\u2026","rel":"","context":"En \u00abCurso 2020-2021\u00bb","img":{"alt_text":"","src":"https:\/\/i1.wp.com\/retotmp.valnaloneduca.com\/wp-content\/uploads\/2021\/06\/almn-1.jpg?resize=350%2C200&ssl=1","width":350,"height":200},"classes":[]},{"id":862,"url":"https:\/\/retotmp.valnaloneduca.com\/?p=862","url_meta":{"origin":783,"position":2},"title":"SOLUCIONES CF LLANES","date":"abril 1, 2019","format":false,"excerpt":"El alumnado del Ciclo formativo ha COMUNICADO ala jefa de estudios Idoia y al profesor Jes\u00fas del IES LLANES las soluciones al RETO impuesto. Han apostado por m\u00e1s implicaci\u00f3n por parte del alumnado para realizar la graduaci\u00f3n, menos tiempo y mas creatividad en el evento, fiestas tem\u00e1ticas, buscar patrocinios para\u2026","rel":"","context":"En \u00abIES Llanes\u00bb","img":{"alt_text":"","src":"https:\/\/i2.wp.com\/retotmp.valnaloneduca.com\/wp-content\/uploads\/2019\/04\/ordenador.jpg?resize=350%2C200","width":350,"height":200},"classes":[]},{"id":867,"url":"https:\/\/retotmp.valnaloneduca.com\/?p=867","url_meta":{"origin":783,"position":3},"title":"OPERACI\u00d3N GRADUACI\u00d3N CF LLANES","date":"abril 1, 2019","format":false,"excerpt":"En esta segunda sesi\u00f3n hemos exprimido las entrevistas que han realizado el alumnado para poder llegar a posibles soluciones al RETO que nos han comunicado. A partir de ellas han realizado una tormenta de ideas para elegir las mejores y definir como las llevar\u00eda a cabo. La pr\u00f3xima semana vendr\u00e1n\u2026","rel":"","context":"En \u00abIES Llanes\u00bb","img":{"alt_text":"","src":"https:\/\/i1.wp.com\/retotmp.valnaloneduca.com\/wp-content\/uploads\/2019\/04\/pizarra.jpg?resize=350%2C200","width":350,"height":200},"classes":[]},{"id":858,"url":"https:\/\/retotmp.valnaloneduca.com\/?p=858","url_meta":{"origin":783,"position":4},"title":"SOLUCIONES BCH LLANES","date":"abril 1, 2019","format":false,"excerpt":"Hemos realizado la tercera sesi\u00f3n del curso de Llanes donde el alumnado a expuesto las soluciones al RETO. Loles, la jefa de estudios, escuch\u00f3 dichas acciones. Han sido todas muy creativas y diferentes donde ha primado la concenciaci\u00f3n desde las familias mediante charlas, convocar concursos con premios a la mejor\u2026","rel":"","context":"En \u00abIES Llanes\u00bb","img":{"alt_text":"","src":"https:\/\/i2.wp.com\/retotmp.valnaloneduca.com\/wp-content\/uploads\/2019\/04\/trabajando-2.jpg?resize=350%2C200","width":350,"height":200},"classes":[]},{"id":802,"url":"https:\/\/retotmp.valnaloneduca.com\/?p=802","url_meta":{"origin":783,"position":5},"title":"OPERACI\u00d3N LIMPIEZA - BCH LLANES","date":"marzo 19, 2019","format":false,"excerpt":"Hemos estado trabajando, los cuatro grupos, a partir de las entrevistas que han realizado. Dar la enhorabuena por su trabajo de campo tan exhaustibo por el abanico de gente preguntada. Eso nos va aportar mucha informaci\u00f3n para estar muy cerca de las soluciones del RETO que nos han puesto. Sacamos\u2026","rel":"","context":"En \u00abIES Llanes\u00bb","img":{"alt_text":"","src":"https:\/\/i2.wp.com\/retotmp.valnaloneduca.com\/wp-content\/uploads\/2019\/03\/pizarra-1.jpg?resize=350%2C200","width":350,"height":200},"classes":[]}],"_links":{"self":[{"href":"https:\/\/retotmp.valnaloneduca.com\/index.php?rest_route=\/wp\/v2\/posts\/783"}],"collection":[{"href":"https:\/\/retotmp.valnaloneduca.com\/index.php?rest_route=\/wp\/v2\/posts"}],"about":[{"href":"https:\/\/retotmp.valnaloneduca.com\/index.php?rest_route=\/wp\/v2\/types\/post"}],"author":[{"embeddable":true,"href":"https:\/\/retotmp.valnaloneduca.com\/index.php?rest_route=\/wp\/v2\/users\/3"}],"replies":[{"embeddable":true,"href":"https:\/\/retotmp.valnaloneduca.com\/index.php?rest_route=%2Fwp%2Fv2%2Fcomments&post=783"}],"version-history":[{"count":0,"href":"https:\/\/retotmp.valnaloneduca.com\/index.php?rest_route=\/wp\/v2\/posts\/783\/revisions"}],"wp:attachment":[{"href":"https:\/\/retotmp.valnaloneduca.com\/index.php?rest_route=%2Fwp%2Fv2%2Fmedia&parent=783"}],"wp:term":[{"taxonomy":"category","embeddable":true,"href":"https:\/\/retotmp.valnaloneduca.com\/index.php?rest_route=%2Fwp%2Fv2%2Fcategories&post=783"},{"taxonomy":"post_tag","embeddable":true,"href":"https:\/\/retotmp.valnaloneduca.com\/index.php?rest_route=%2Fwp%2Fv2%2Ftags&post=783"}],"curies":[{"name":"wp","href":"https:\/\/api.w.org\/{rel}","templated":true}]}}