{"id":786,"date":"2019-03-15T10:32:36","date_gmt":"2019-03-15T10:32:36","guid":{"rendered":"https:\/\/retotmp.wordpress.com\/?p=786"},"modified":"2019-03-15T10:32:36","modified_gmt":"2019-03-15T10:32:36","slug":"reto-cf","status":"publish","type":"post","link":"https:\/\/retotmp.valnaloneduca.com\/?p=786","title":{"rendered":"RETO CF LLANES"},"content":{"rendered":"<p>Hemos arrancado este jueves, el segundo reto en el IES LLANES donde el alumnado del ciclo formativo de administraci\u00f3n y finanzas tendr\u00e1n que buscar acciones para CELEBRAR LA GRADUACI\u00d3N DE BACHILLER Y CICLOS FORMATIVOS DE ESTE A\u00d1O. <\/p>\n<p>Loles, jefa de estudios del centro, les ha pedido ayuda para poder llevar a cabo aquellas recursos que salgan del curso.<\/p>\n<p><img loading=\"lazy\" src=\"https:\/\/i0.wp.com\/retotmp.valnaloneduca.com\/wp-content\/uploads\/2019\/03\/loles.jpg?resize=300%2C225\" alt=\"\" width=\"300\" height=\"225\" class=\"alignright size-medium wp-image-790\" data-recalc-dims=\"1\" \/><\/p>\n<p>Nos hemos presentado haciendo un pecha kucha y a continuaci\u00f3n formamos lo grupos. <\/p>\n<p>Elaboramos un DAFO y un CANVAS para ponernos en situaci\u00f3n.<\/p>\n<p><img loading=\"lazy\" src=\"https:\/\/i1.wp.com\/retotmp.valnaloneduca.com\/wp-content\/uploads\/2019\/03\/comunicacic3b3n.jpg?resize=300%2C125\" alt=\"\" width=\"300\" height=\"125\" class=\"alignright size-medium wp-image-792\" srcset=\"https:\/\/i1.wp.com\/retotmp.valnaloneduca.com\/wp-content\/uploads\/2019\/03\/comunicacic3b3n.jpg?w=1178&amp;ssl=1 1178w, https:\/\/i1.wp.com\/retotmp.valnaloneduca.com\/wp-content\/uploads\/2019\/03\/comunicacic3b3n.jpg?resize=300%2C125&amp;ssl=1 300w, https:\/\/i1.wp.com\/retotmp.valnaloneduca.com\/wp-content\/uploads\/2019\/03\/comunicacic3b3n.jpg?resize=1024%2C425&amp;ssl=1 1024w, https:\/\/i1.wp.com\/retotmp.valnaloneduca.com\/wp-content\/uploads\/2019\/03\/comunicacic3b3n.jpg?resize=768%2C319&amp;ssl=1 768w\" sizes=\"(max-width: 300px) 100vw, 300px\" data-recalc-dims=\"1\" \/><\/p>\n<p>Hicimos un peque\u00f1o esquema para enfocar LAS ENTREVISTAS para saber a quien tendriamos que abordar y que es lo que tendriamos que preguntar.<\/p>\n<p>El alumnado se ha comprometido a realizarlas y en la pr\u00f3xima sesi\u00f3n las analizaremos.<\/p>\n","protected":false},"excerpt":{"rendered":"<p>Hemos arrancado este jueves, el segundo reto en el IES LLANES donde el alumnado del ciclo formativo de administraci\u00f3n y<\/p>\n","protected":false},"author":3,"featured_media":0,"comment_status":"open","ping_status":"open","sticky":false,"template":"","format":"standard","meta":{"spay_email":""},"categories":[16,30],"tags":[],"jetpack_featured_media_url":"","jetpack-related-posts":[{"id":862,"url":"https:\/\/retotmp.valnaloneduca.com\/?p=862","url_meta":{"origin":786,"position":0},"title":"SOLUCIONES CF LLANES","date":"abril 1, 2019","format":false,"excerpt":"El alumnado del Ciclo formativo ha COMUNICADO ala jefa de estudios Idoia y al profesor Jes\u00fas del IES LLANES las soluciones al RETO impuesto. Han apostado por m\u00e1s implicaci\u00f3n por parte del alumnado para realizar la graduaci\u00f3n, menos tiempo y mas creatividad en el evento, fiestas tem\u00e1ticas, buscar patrocinios para\u2026","rel":"","context":"En \u00abIES Llanes\u00bb","img":{"alt_text":"","src":"https:\/\/i2.wp.com\/retotmp.valnaloneduca.com\/wp-content\/uploads\/2019\/04\/ordenador.jpg?resize=350%2C200","width":350,"height":200},"classes":[]},{"id":783,"url":"https:\/\/retotmp.valnaloneduca.com\/?p=783","url_meta":{"origin":786,"position":1},"title":"RETO BCH LLANES","date":"marzo 13, 2019","format":false,"excerpt":"Vamos a realizar durante el mes de marzo dos reto en el IES llanes. Hemos empezado este lunes con el grupo de bachiller donde la jefa de estudios nos ha comunicado el RETO basado en MEJORAR LA LIMPIEZA DE LOS PASILLOS DESPUES DE LOS RECREOS. Hicimos entre todos unas peque\u00f1as\u2026","rel":"","context":"En \u00abIES Llanes\u00bb","img":{"alt_text":"","src":"https:\/\/i1.wp.com\/retotmp.valnaloneduca.com\/wp-content\/uploads\/2019\/03\/profe-ies-llanes.jpg?resize=350%2C200","width":350,"height":200},"classes":[]},{"id":2067,"url":"https:\/\/retotmp.valnaloneduca.com\/?p=2067","url_meta":{"origin":786,"position":2},"title":"IES LLANES-LLANES 2020-21","date":"junio 1, 2021","format":false,"excerpt":"En el mes de abril realizamos\u00a0 un RETO ON LINE+PRESENCIAL de Taller para Emprender (tmp) en el IES LLANES de Llanes. En\u00a0la primera sesi\u00f3n\u00a0ha definido el RETO\u00a0 la empresa QNK https:\/\/www.qnkarquitectura.com , estudio de arquitectura situado en Sama de Langreo, comunic\u00e1ndoselo al alumnado v\u00eda on line. Alumnado QNK- Reto ON\u2026","rel":"","context":"En \u00abCurso 2020-2021\u00bb","img":{"alt_text":"","src":"https:\/\/i1.wp.com\/retotmp.valnaloneduca.com\/wp-content\/uploads\/2021\/06\/almn-1.jpg?resize=350%2C200&ssl=1","width":350,"height":200},"classes":[]},{"id":858,"url":"https:\/\/retotmp.valnaloneduca.com\/?p=858","url_meta":{"origin":786,"position":3},"title":"SOLUCIONES BCH LLANES","date":"abril 1, 2019","format":false,"excerpt":"Hemos realizado la tercera sesi\u00f3n del curso de Llanes donde el alumnado a expuesto las soluciones al RETO. Loles, la jefa de estudios, escuch\u00f3 dichas acciones. Han sido todas muy creativas y diferentes donde ha primado la concenciaci\u00f3n desde las familias mediante charlas, convocar concursos con premios a la mejor\u2026","rel":"","context":"En \u00abIES Llanes\u00bb","img":{"alt_text":"","src":"https:\/\/i2.wp.com\/retotmp.valnaloneduca.com\/wp-content\/uploads\/2019\/04\/trabajando-2.jpg?resize=350%2C200","width":350,"height":200},"classes":[]},{"id":867,"url":"https:\/\/retotmp.valnaloneduca.com\/?p=867","url_meta":{"origin":786,"position":4},"title":"OPERACI\u00d3N GRADUACI\u00d3N CF LLANES","date":"abril 1, 2019","format":false,"excerpt":"En esta segunda sesi\u00f3n hemos exprimido las entrevistas que han realizado el alumnado para poder llegar a posibles soluciones al RETO que nos han comunicado. A partir de ellas han realizado una tormenta de ideas para elegir las mejores y definir como las llevar\u00eda a cabo. La pr\u00f3xima semana vendr\u00e1n\u2026","rel":"","context":"En \u00abIES Llanes\u00bb","img":{"alt_text":"","src":"https:\/\/i1.wp.com\/retotmp.valnaloneduca.com\/wp-content\/uploads\/2019\/04\/pizarra.jpg?resize=350%2C200","width":350,"height":200},"classes":[]},{"id":1597,"url":"https:\/\/retotmp.valnaloneduca.com\/?p=1597","url_meta":{"origin":786,"position":5},"title":"Retos EL MANANTIAL  100% tradici\u00f3n empresarial. . .","date":"marzo 19, 2020","format":false,"excerpt":"Imparable y muy generosa, Concha de la Hoz, nos acercar\u00e1 a la historia de un negocio familiar con mucha tradici\u00f3n en Oviedo: EL MANANTIAL. De aquella tienda de ultramarinos en la calle San Antonio, despu\u00e9s almac\u00e9n de vinos en San Bernab\u00e9, hasta abrir el actual, precioso y exclusivo comercio de\u2026","rel":"","context":"En \u00abCFPE LLANA 2019-2020\u00bb","img":{"alt_text":"","src":"https:\/\/i2.wp.com\/retotmp.valnaloneduca.com\/wp-content\/uploads\/2020\/03\/72099998_113249540085035_6261127479281319936_n.jpg?resize=350%2C200","width":350,"height":200},"classes":[]}],"_links":{"self":[{"href":"https:\/\/retotmp.valnaloneduca.com\/index.php?rest_route=\/wp\/v2\/posts\/786"}],"collection":[{"href":"https:\/\/retotmp.valnaloneduca.com\/index.php?rest_route=\/wp\/v2\/posts"}],"about":[{"href":"https:\/\/retotmp.valnaloneduca.com\/index.php?rest_route=\/wp\/v2\/types\/post"}],"author":[{"embeddable":true,"href":"https:\/\/retotmp.valnaloneduca.com\/index.php?rest_route=\/wp\/v2\/users\/3"}],"replies":[{"embeddable":true,"href":"https:\/\/retotmp.valnaloneduca.com\/index.php?rest_route=%2Fwp%2Fv2%2Fcomments&post=786"}],"version-history":[{"count":0,"href":"https:\/\/retotmp.valnaloneduca.com\/index.php?rest_route=\/wp\/v2\/posts\/786\/revisions"}],"wp:attachment":[{"href":"https:\/\/retotmp.valnaloneduca.com\/index.php?rest_route=%2Fwp%2Fv2%2Fmedia&parent=786"}],"wp:term":[{"taxonomy":"category","embeddable":true,"href":"https:\/\/retotmp.valnaloneduca.com\/index.php?rest_route=%2Fwp%2Fv2%2Fcategories&post=786"},{"taxonomy":"post_tag","embeddable":true,"href":"https:\/\/retotmp.valnaloneduca.com\/index.php?rest_route=%2Fwp%2Fv2%2Ftags&post=786"}],"curies":[{"name":"wp","href":"https:\/\/api.w.org\/{rel}","templated":true}]}}