{"id":795,"date":"2019-03-15T11:08:49","date_gmt":"2019-03-15T11:08:49","guid":{"rendered":"https:\/\/retotmp.wordpress.com\/?p=795"},"modified":"2019-03-15T11:08:49","modified_gmt":"2019-03-15T11:08:49","slug":"un-reto-sobre-ruedas","status":"publish","type":"post","link":"https:\/\/retotmp.valnaloneduca.com\/?p=795","title":{"rendered":"Un reto sobre ruedas"},"content":{"rendered":"<p style=\"text-align:justify;\">Esta semana comenzamos RETO con los estudiantes del CFGM de Electromec\u00e1nica de Veh\u00edculos y la empresa con la que trabajaremos ser\u00e1 <a href=\"https:\/\/automovileselregueron.com\/\">AUTOM\u00d3VILES EL REGUER\u00d3N<\/a>, empresa de venta, reparaci\u00f3n y mantenimiento de veh\u00edculos.<\/p>\n<p>Pronto nos pondremos manos en el taller y os contaremos la propuesta de El Reguer\u00f3n.<\/p>\n<p><img loading=\"lazy\" class=\"alignnone size-full wp-image-798\" src=\"https:\/\/i1.wp.com\/retotmp.valnaloneduca.com\/wp-content\/uploads\/2019\/03\/reguerc3b3n.jpg?resize=910%2C683\" alt=\"Reguer\u00f3n\" width=\"910\" height=\"683\" srcset=\"https:\/\/i1.wp.com\/retotmp.valnaloneduca.com\/wp-content\/uploads\/2019\/03\/reguerc3b3n.jpg?w=1024&amp;ssl=1 1024w, https:\/\/i1.wp.com\/retotmp.valnaloneduca.com\/wp-content\/uploads\/2019\/03\/reguerc3b3n.jpg?resize=300%2C225&amp;ssl=1 300w, https:\/\/i1.wp.com\/retotmp.valnaloneduca.com\/wp-content\/uploads\/2019\/03\/reguerc3b3n.jpg?resize=768%2C576&amp;ssl=1 768w\" sizes=\"(max-width: 910px) 100vw, 910px\" data-recalc-dims=\"1\" \/><\/p>\n","protected":false},"excerpt":{"rendered":"<p>Esta semana comenzamos RETO con los estudiantes del CFGM de Electromec\u00e1nica de Veh\u00edculos y la empresa con la que trabajaremos<\/p>\n","protected":false},"author":4,"featured_media":0,"comment_status":"open","ping_status":"open","sticky":false,"template":"","format":"standard","meta":{"spay_email":""},"categories":[8,30],"tags":[],"jetpack_featured_media_url":"","jetpack-related-posts":[{"id":827,"url":"https:\/\/retotmp.valnaloneduca.com\/?p=827","url_meta":{"origin":795,"position":0},"title":"Te pasamos la ITV","date":"marzo 20, 2019","format":false,"excerpt":"Prestar un servicio de revisi\u00f3n pre-ITV y la posibilidad de que Autom\u00f3viles El Reguer\u00f3n lleve tu veh\u00edculo a la ITV, es el reto que ha propuesto Jes\u00fas Mor\u00e1n Huerga, gerente de esta empresa de m\u00e1s de 24 a\u00f1os de antig\u00fcedad. Y que mejor manera para empezar a trabajar con el\u2026","rel":"","context":"En \u00abIES Cangas de Narcea\u00bb","img":{"alt_text":"regueron","src":"https:\/\/i1.wp.com\/retotmp.valnaloneduca.com\/wp-content\/uploads\/2019\/03\/regueron.jpeg?resize=350%2C200","width":350,"height":200},"classes":[]},{"id":889,"url":"https:\/\/retotmp.valnaloneduca.com\/?p=889","url_meta":{"origin":795,"position":1},"title":"\u00bfQui\u00e9n pagar\u00eda por un servicio pre-ITV?","date":"abril 1, 2019","format":false,"excerpt":"Para los estudiantes de un ciclo de electromec\u00e1nica pensar en clientela potencial para prestar un servicio de revisi\u00f3n pre-ITV y la posibilidad de que Autom\u00f3viles El Reguer\u00f3n lleve su veh\u00edculo a la ITV, resulta dif\u00edcil de asimilar... \u00bfQui\u00e9n pagar\u00eda por este servicio? Por eso, comenzamos el reto trabajando la EMPAT\u00cdA.\u2026","rel":"","context":"En \u00abIES Cangas de Narcea\u00bb","img":{"alt_text":"","src":"https:\/\/i2.wp.com\/retotmp.valnaloneduca.com\/wp-content\/uploads\/2019\/04\/narcea2-scaled.jpg?resize=350%2C200","width":350,"height":200},"classes":[]},{"id":812,"url":"https:\/\/retotmp.valnaloneduca.com\/?p=812","url_meta":{"origin":795,"position":2},"title":"Talleres las monta\u00f1as \u00a1\u00a1\u00a1A POR EL RETO!!!","date":"marzo 19, 2019","format":false,"excerpt":"Nombre del equipo: Talleres Las Monta\u00f1as-Miembros: Javier, Enrique, Roberto, Luis Reto: El taller Autom\u00f3viles El Reguer\u00f3n nos ha propuesto un reto el cual consiste en buscar una soluci\u00f3n para captar clientela para pasar la ITV sin ning\u00fan tipo de preocupaci\u00f3n, el taller se encarga de todo.","rel":"","context":"En \u00abIES Cangas de Narcea\u00bb","img":{"alt_text":"","src":"https:\/\/i0.wp.com\/retotmp.valnaloneduca.com\/wp-content\/uploads\/2019\/03\/20190319_141552.jpg?resize=350%2C200","width":350,"height":200},"classes":[]},{"id":894,"url":"https:\/\/retotmp.valnaloneduca.com\/?p=894","url_meta":{"origin":795,"position":3},"title":"Propuestas en El Reguer\u00f3n","date":"abril 1, 2019","format":false,"excerpt":"Pocas sesiones pero, muchas ideas y ganas por presentarlas a Jes\u00fas, promotor de Autom\u00f3viles El Reguer\u00f3n. En el aula ultimamos los \u00faltimos detalles, perfilamos los prototipos e hicimos una primera evaluaci\u00f3n con el resto de compa\u00f1eros. Y finalmente nos presentamos en el concesionario con los prototipos preparados... \u00a0 \u00a0 Tres\u2026","rel":"","context":"En \u00abIES Cangas de Narcea\u00bb","img":{"alt_text":"","src":"https:\/\/i0.wp.com\/retotmp.valnaloneduca.com\/wp-content\/uploads\/2019\/04\/canvas-scaled.jpg?resize=350%2C200","width":350,"height":200},"classes":[]},{"id":815,"url":"https:\/\/retotmp.valnaloneduca.com\/?p=815","url_meta":{"origin":795,"position":4},"title":"Presentacion equipo","date":"marzo 19, 2019","format":false,"excerpt":"Somos el equipo 6kRacing conformado por Mar\u00eda, Sim\u00f3n, Pedro y Marcos. Hoy visitamos Autom\u00f3viles El Regueron y nos explico como hacia el servicio de ITV hasta ahora. Tambi\u00e9n nos ense\u00f1o los recursos t\u00e9cnicos de los que dispon\u00eda.","rel":"","context":"En \u00abIES Cangas de Narcea\u00bb","img":{"alt_text":"","src":"https:\/\/i0.wp.com\/retotmp.valnaloneduca.com\/wp-content\/uploads\/2019\/03\/img-20190319-wa0003.jpg?resize=350%2C200","width":350,"height":200},"classes":[]},{"id":1401,"url":"https:\/\/retotmp.valnaloneduca.com\/?p=1401","url_meta":{"origin":795,"position":5},"title":"Reto Recicauto: Automoci\u00f3n - Sesi\u00f3n 1","date":"enero 31, 2020","format":false,"excerpt":"El jueves 30 de enero comenz\u00f3 en el IES Nore\u00f1a el Reto TMP para los estudiantes de 1\u00ba Ciclo Formativo de Grado Superior de Automoci\u00f3n. En este reto contamos con la colaboraci\u00f3n de \u00c1lvaro Garc\u00eda, responsable de Recicauto, desguace y Centro Autorizado de Tratamiento del Veh\u00edculo al Final de su\u2026","rel":"","context":"En \u00abIES Nore\u00f1a 2019-2020\u00bb","img":{"alt_text":"reto_tmp_recicauto_nore\u00c3\u00b1a_30-01-20 (2)","src":"https:\/\/i0.wp.com\/retotmp.valnaloneduca.com\/wp-content\/uploads\/2020\/02\/reto_tmp_recicauto_norec3b1a_30-01-20-2.jpg?resize=350%2C200","width":350,"height":200},"classes":[]}],"_links":{"self":[{"href":"https:\/\/retotmp.valnaloneduca.com\/index.php?rest_route=\/wp\/v2\/posts\/795"}],"collection":[{"href":"https:\/\/retotmp.valnaloneduca.com\/index.php?rest_route=\/wp\/v2\/posts"}],"about":[{"href":"https:\/\/retotmp.valnaloneduca.com\/index.php?rest_route=\/wp\/v2\/types\/post"}],"author":[{"embeddable":true,"href":"https:\/\/retotmp.valnaloneduca.com\/index.php?rest_route=\/wp\/v2\/users\/4"}],"replies":[{"embeddable":true,"href":"https:\/\/retotmp.valnaloneduca.com\/index.php?rest_route=%2Fwp%2Fv2%2Fcomments&post=795"}],"version-history":[{"count":0,"href":"https:\/\/retotmp.valnaloneduca.com\/index.php?rest_route=\/wp\/v2\/posts\/795\/revisions"}],"wp:attachment":[{"href":"https:\/\/retotmp.valnaloneduca.com\/index.php?rest_route=%2Fwp%2Fv2%2Fmedia&parent=795"}],"wp:term":[{"taxonomy":"category","embeddable":true,"href":"https:\/\/retotmp.valnaloneduca.com\/index.php?rest_route=%2Fwp%2Fv2%2Fcategories&post=795"},{"taxonomy":"post_tag","embeddable":true,"href":"https:\/\/retotmp.valnaloneduca.com\/index.php?rest_route=%2Fwp%2Fv2%2Ftags&post=795"}],"curies":[{"name":"wp","href":"https:\/\/api.w.org\/{rel}","templated":true}]}}