{"id":802,"date":"2019-03-19T08:14:34","date_gmt":"2019-03-19T08:14:34","guid":{"rendered":"https:\/\/retotmp.wordpress.com\/?p=802"},"modified":"2019-03-19T08:14:34","modified_gmt":"2019-03-19T08:14:34","slug":"operacion-limpieza","status":"publish","type":"post","link":"https:\/\/retotmp.valnaloneduca.com\/?p=802","title":{"rendered":"OPERACI\u00d3N LIMPIEZA &#8211; BCH LLANES"},"content":{"rendered":"<p>Hemos estado trabajando, los cuatro grupos, a partir de las entrevistas que han realizado. Dar la enhorabuena por su trabajo de campo tan exhaustibo por el abanico de gente preguntada. Eso nos va aportar mucha informaci\u00f3n para estar muy cerca de las soluciones del RETO que nos han puesto.<\/p>\n<p><img loading=\"lazy\" src=\"https:\/\/i2.wp.com\/retotmp.valnaloneduca.com\/wp-content\/uploads\/2019\/03\/pizarra-1.jpg?resize=300%2C225\" alt=\"\" width=\"300\" height=\"225\" class=\"alignright size-medium wp-image-803\" data-recalc-dims=\"1\" \/><\/p>\n<p>Sacamos muchas conclusiones. Algunas, por desgracia, nos han dicho que todavia hay que trabajar mucho desde el civismo, porque hay gente que no se ha enterado que no viven solas. Un grupo han detectado que el 90% de las personas entrevistadas tiran las cosas al suelo conscientemente. la informaci\u00f3n y la concenciaci\u00f3n va a ser un referente a la hora de aplicar acciones.<\/p>\n<p><img loading=\"lazy\" src=\"https:\/\/i2.wp.com\/retotmp.valnaloneduca.com\/wp-content\/uploads\/2019\/03\/blog.jpg?resize=300%2C112\" alt=\"\" width=\"300\" height=\"112\" class=\"alignright size-medium wp-image-804\" srcset=\"https:\/\/i2.wp.com\/retotmp.valnaloneduca.com\/wp-content\/uploads\/2019\/03\/blog.jpg?w=1209&amp;ssl=1 1209w, https:\/\/i2.wp.com\/retotmp.valnaloneduca.com\/wp-content\/uploads\/2019\/03\/blog.jpg?resize=300%2C112&amp;ssl=1 300w, https:\/\/i2.wp.com\/retotmp.valnaloneduca.com\/wp-content\/uploads\/2019\/03\/blog.jpg?resize=1024%2C384&amp;ssl=1 1024w, https:\/\/i2.wp.com\/retotmp.valnaloneduca.com\/wp-content\/uploads\/2019\/03\/blog.jpg?resize=768%2C288&amp;ssl=1 768w\" sizes=\"(max-width: 300px) 100vw, 300px\" data-recalc-dims=\"1\" \/><\/p>\n<p>Quedamos para la pr\u00f3xima sesi\u00f3n en realizar una tormenta de ideas y elaborar una presentaci\u00f3n para COMUNICAR a la jefa de estudios todo lo que hemos trabajado.<\/p>\n","protected":false},"excerpt":{"rendered":"<p>Hemos estado trabajando, los cuatro grupos, a partir de las entrevistas que han realizado. Dar la enhorabuena por su trabajo<\/p>\n","protected":false},"author":3,"featured_media":0,"comment_status":"open","ping_status":"open","sticky":false,"template":"","format":"standard","meta":{"spay_email":""},"categories":[16,30],"tags":[],"jetpack_featured_media_url":"","jetpack-related-posts":[{"id":2067,"url":"https:\/\/retotmp.valnaloneduca.com\/?p=2067","url_meta":{"origin":802,"position":0},"title":"IES LLANES-LLANES 2020-21","date":"junio 1, 2021","format":false,"excerpt":"En el mes de abril realizamos\u00a0 un RETO ON LINE+PRESENCIAL de Taller para Emprender (tmp) en el IES LLANES de Llanes. En\u00a0la primera sesi\u00f3n\u00a0ha definido el RETO\u00a0 la empresa QNK https:\/\/www.qnkarquitectura.com , estudio de arquitectura situado en Sama de Langreo, comunic\u00e1ndoselo al alumnado v\u00eda on line. Alumnado QNK- Reto ON\u2026","rel":"","context":"En \u00abCurso 2020-2021\u00bb","img":{"alt_text":"","src":"https:\/\/i1.wp.com\/retotmp.valnaloneduca.com\/wp-content\/uploads\/2021\/06\/almn-1.jpg?resize=350%2C200&ssl=1","width":350,"height":200},"classes":[]},{"id":783,"url":"https:\/\/retotmp.valnaloneduca.com\/?p=783","url_meta":{"origin":802,"position":1},"title":"RETO BCH LLANES","date":"marzo 13, 2019","format":false,"excerpt":"Vamos a realizar durante el mes de marzo dos reto en el IES llanes. Hemos empezado este lunes con el grupo de bachiller donde la jefa de estudios nos ha comunicado el RETO basado en MEJORAR LA LIMPIEZA DE LOS PASILLOS DESPUES DE LOS RECREOS. Hicimos entre todos unas peque\u00f1as\u2026","rel":"","context":"En \u00abIES Llanes\u00bb","img":{"alt_text":"","src":"https:\/\/i1.wp.com\/retotmp.valnaloneduca.com\/wp-content\/uploads\/2019\/03\/profe-ies-llanes.jpg?resize=350%2C200","width":350,"height":200},"classes":[]},{"id":1660,"url":"https:\/\/retotmp.valnaloneduca.com\/?p=1660","url_meta":{"origin":802,"position":2},"title":"Reto 1 EL MANANTIAL - Escaparate navide\u00f1o. Fase 3","date":"marzo 23, 2020","format":false,"excerpt":"Idea Top Tras trabajar todos los escenarios (estilo de la tienda- espacio-clientela-productos), cada grupo plante\u00f3 de manera muy diferente sus primeras ideas est\u00e9ticas y comerciales\u00a0como respuesta a un mismo evento, la Navidad. Una idea base para arrancar el dise\u00f1o de la campa\u00f1a de ambientaci\u00f3n navide\u00f1a, a la que se sumar\u00e1n\u2026","rel":"","context":"En \u00abCFPE LLANA 2019-2020\u00bb","img":{"alt_text":"","src":"https:\/\/i2.wp.com\/retotmp.valnaloneduca.com\/wp-content\/uploads\/2020\/03\/20191120_104115.jpg?resize=350%2C200","width":350,"height":200},"classes":[]},{"id":786,"url":"https:\/\/retotmp.valnaloneduca.com\/?p=786","url_meta":{"origin":802,"position":3},"title":"RETO CF LLANES","date":"marzo 15, 2019","format":false,"excerpt":"Hemos arrancado este jueves, el segundo reto en el IES LLANES donde el alumnado del ciclo formativo de administraci\u00f3n y finanzas tendr\u00e1n que buscar acciones para CELEBRAR LA GRADUACI\u00d3N DE BACHILLER Y CICLOS FORMATIVOS DE ESTE A\u00d1O. Loles, jefa de estudios del centro, les ha pedido ayuda para poder llevar\u2026","rel":"","context":"En \u00abIES Llanes\u00bb","img":{"alt_text":"","src":"https:\/\/i0.wp.com\/retotmp.valnaloneduca.com\/wp-content\/uploads\/2019\/03\/loles.jpg?resize=350%2C200","width":350,"height":200},"classes":[]},{"id":1664,"url":"https:\/\/retotmp.valnaloneduca.com\/?p=1664","url_meta":{"origin":802,"position":4},"title":"Reto 1 EL MANANTIAL - Escaparate navide\u00f1o. Fase 4","date":"marzo 23, 2020","format":false,"excerpt":"Redefinir y prototipar la idea Cada equipo evoluciona su idea, dise\u00f1ando una su respuesta adaptada al cliente-tienda.y usuario-comprador. Las entrevistas les han aportado mucha m\u00e1s informaci\u00f3n. \u00a1Y la competencia, tambi\u00e9n...!\u00a0 \u00a0 \u00a0","rel":"","context":"En \u00abCFPE LLANA 2019-2020\u00bb","img":{"alt_text":"","src":"https:\/\/i1.wp.com\/retotmp.valnaloneduca.com\/wp-content\/uploads\/2020\/03\/20191127_110810.jpg?resize=350%2C200","width":350,"height":200},"classes":[]},{"id":1597,"url":"https:\/\/retotmp.valnaloneduca.com\/?p=1597","url_meta":{"origin":802,"position":5},"title":"Retos EL MANANTIAL  100% tradici\u00f3n empresarial. . .","date":"marzo 19, 2020","format":false,"excerpt":"Imparable y muy generosa, Concha de la Hoz, nos acercar\u00e1 a la historia de un negocio familiar con mucha tradici\u00f3n en Oviedo: EL MANANTIAL. De aquella tienda de ultramarinos en la calle San Antonio, despu\u00e9s almac\u00e9n de vinos en San Bernab\u00e9, hasta abrir el actual, precioso y exclusivo comercio de\u2026","rel":"","context":"En \u00abCFPE LLANA 2019-2020\u00bb","img":{"alt_text":"","src":"https:\/\/i2.wp.com\/retotmp.valnaloneduca.com\/wp-content\/uploads\/2020\/03\/72099998_113249540085035_6261127479281319936_n.jpg?resize=350%2C200","width":350,"height":200},"classes":[]}],"_links":{"self":[{"href":"https:\/\/retotmp.valnaloneduca.com\/index.php?rest_route=\/wp\/v2\/posts\/802"}],"collection":[{"href":"https:\/\/retotmp.valnaloneduca.com\/index.php?rest_route=\/wp\/v2\/posts"}],"about":[{"href":"https:\/\/retotmp.valnaloneduca.com\/index.php?rest_route=\/wp\/v2\/types\/post"}],"author":[{"embeddable":true,"href":"https:\/\/retotmp.valnaloneduca.com\/index.php?rest_route=\/wp\/v2\/users\/3"}],"replies":[{"embeddable":true,"href":"https:\/\/retotmp.valnaloneduca.com\/index.php?rest_route=%2Fwp%2Fv2%2Fcomments&post=802"}],"version-history":[{"count":0,"href":"https:\/\/retotmp.valnaloneduca.com\/index.php?rest_route=\/wp\/v2\/posts\/802\/revisions"}],"wp:attachment":[{"href":"https:\/\/retotmp.valnaloneduca.com\/index.php?rest_route=%2Fwp%2Fv2%2Fmedia&parent=802"}],"wp:term":[{"taxonomy":"category","embeddable":true,"href":"https:\/\/retotmp.valnaloneduca.com\/index.php?rest_route=%2Fwp%2Fv2%2Fcategories&post=802"},{"taxonomy":"post_tag","embeddable":true,"href":"https:\/\/retotmp.valnaloneduca.com\/index.php?rest_route=%2Fwp%2Fv2%2Ftags&post=802"}],"curies":[{"name":"wp","href":"https:\/\/api.w.org\/{rel}","templated":true}]}}