{"id":844,"date":"2019-03-22T12:12:45","date_gmt":"2019-03-22T12:12:45","guid":{"rendered":"https:\/\/retotmp.wordpress.com\/?p=844"},"modified":"2019-03-22T12:12:45","modified_gmt":"2019-03-22T12:12:45","slug":"monchito94competicion","status":"publish","type":"post","link":"https:\/\/retotmp.valnaloneduca.com\/?p=844","title":{"rendered":"Monchito94Competici\u00f3n"},"content":{"rendered":"<p>Somos Monchito94Competici\u00f3n, contamos en el equipo con Pablo P\u00e9rez, Youssef Meftah, Ra\u00fal \u00c1lvarez, David \u00c1lvarez y Omar Garc\u00eda.<\/p>\n<p>Hoy hemos hecho un esquema de el Reto, redactando una serie de preguntas para hac\u00e9rselas al due\u00f1o de la empresa que visitamos, tambi\u00e9n organizamos el grupo en Coordinaci\u00f3n, Dinamizaci\u00f3n, Portavac\u00eda y Secretaria.<br \/>\nTambi\u00e9n tenemos trabajo para la pr\u00f3xima sesi\u00f3n\/clase, lo cual es hacer una entrevista a un taller, clientela potencial o similar.<\/p>\n<p><a href=\"https:\/\/i1.wp.com\/retotmp.valnaloneduca.com\/wp-content\/uploads\/2019\/03\/img_20190319_140618.jpg\"><img loading=\"lazy\" class=\"alignnone size-full wp-image-845\" src=\"https:\/\/i1.wp.com\/retotmp.valnaloneduca.com\/wp-content\/uploads\/2019\/03\/img_20190319_140618.jpg?resize=676%2C507\" alt=\"\" width=\"676\" height=\"507\" data-recalc-dims=\"1\" \/><\/a><\/p>\n","protected":false},"excerpt":{"rendered":"<p>Somos Monchito94Competici\u00f3n, contamos en el equipo con Pablo P\u00e9rez, Youssef Meftah, Ra\u00fal \u00c1lvarez, David \u00c1lvarez y Omar Garc\u00eda. Hoy hemos<\/p>\n","protected":false},"author":3,"featured_media":0,"comment_status":"open","ping_status":"open","sticky":false,"template":"","format":"standard","meta":{"spay_email":""},"categories":[8,30],"tags":[],"jetpack_featured_media_url":"","jetpack-related-posts":[{"id":2087,"url":"https:\/\/retotmp.valnaloneduca.com\/?p=2087","url_meta":{"origin":844,"position":0},"title":"CIFP LABORAL GIJ\u00d3N 2021-22","date":"enero 20, 2022","format":false,"excerpt":"En los meses de enero y febrero realizamos\u00a0dos RETOS de Taller para Emprender (tmp) en el CIFP LA LABORAL de Gij\u00f3n. Hemos empezado el primer RETO con el alumnado del CFGS de administraci\u00f3n y finanzas, tutorizado por su profesor de econom\u00eda Sergio Alc\u00f3n. En\u00a0la primera sesi\u00f3n\u00a0la entidad VALNAL\u00d3N les ha\u2026","rel":"","context":"En \u00abCIFP LABORAL CURSO 21-22\u00bb","img":{"alt_text":"","src":"https:\/\/i0.wp.com\/retotmp.valnaloneduca.com\/wp-content\/uploads\/2022\/01\/IMG20220117130649.jpg?resize=350%2C200&ssl=1","width":350,"height":200},"classes":[]},{"id":1309,"url":"https:\/\/retotmp.valnaloneduca.com\/?p=1309","url_meta":{"origin":844,"position":1},"title":"La participaci\u00f3n como clave del cambio","date":"junio 20, 2019","format":false,"excerpt":"El Ayuntamiento de Vegadeo sintoniza con los estudiantes en su preocupaci\u00f3n por dinamizar la comarca y mejorar la oferta cultural y de ocio de la juventud. Prueba de ello ha sido su inter\u00e9s en acercarse al IES Elisa y Luis Villamil a escuchar y debatir las propuestas que el alumnado\u2026","rel":"","context":"En \u00abIES Elisa y Luis Villamil\u00bb","img":{"alt_text":"","src":"https:\/\/i0.wp.com\/retotmp.valnaloneduca.com\/wp-content\/uploads\/2019\/06\/vegadeo-en-forma_page-0001.jpg?resize=350%2C200","width":350,"height":200},"classes":[]},{"id":1095,"url":"https:\/\/retotmp.valnaloneduca.com\/?p=1095","url_meta":{"origin":844,"position":2},"title":"La implicaci\u00f3n y compromiso del centro","date":"mayo 9, 2019","format":false,"excerpt":"El reto ya ha comenzado, los estudiantes de 1\u00ba de bachillerato del IES Magdalena de la clase de Econom\u00eda, van a trabajar por mejorar el sentimiento de pertenencia al centro as\u00ed como la imagen que la comunidad tiene sobre el centro. Para ello, comenzamos el reto con el director del\u2026","rel":"","context":"En \u00abIES Magdalena\u00bb","img":{"alt_text":"","src":"https:\/\/i2.wp.com\/retotmp.valnaloneduca.com\/wp-content\/uploads\/2019\/05\/images-e1557388372639.jpg?resize=350%2C200","width":350,"height":200},"classes":[]},{"id":563,"url":"https:\/\/retotmp.valnaloneduca.com\/?p=563","url_meta":{"origin":844,"position":3},"title":"NO TODO ES FABADA","date":"febrero 8, 2019","format":false,"excerpt":"Comenzamos el curso de TMP en la Escuela de segunda oportunidad del Ayt. de Gij\u00f3n. Nos reunimos en la escuela para hacer grupo y tener claro que habia que preguntar todas las dudas que nos pudiese surgir cuando nos comunicasen el RETO. Cogemos el autobus y nos vamos a visitar\u2026","rel":"","context":"En \u00abEscuela 2\u00ba Oportunidad-Gij\u00f3n\u00bb","img":{"alt_text":"","src":"https:\/\/i1.wp.com\/retotmp.valnaloneduca.com\/wp-content\/uploads\/2019\/02\/empresa1.png?resize=350%2C200","width":350,"height":200},"classes":[]},{"id":613,"url":"https:\/\/retotmp.valnaloneduca.com\/?p=613","url_meta":{"origin":844,"position":4},"title":"Pr\u00f3ximo reto... Plan de Marketing Musical","date":"febrero 15, 2019","format":false,"excerpt":"Un a\u00f1o m\u00e1s, hemos comenzado un reto en el IES Ram\u00f3n Men\u00e9ndez Pidal de Avil\u00e9s con el grupo de estudiantes del CFGS Marketing y Publicidad. Y este a\u00f1o, tenemos todo un desaf\u00edo... un grupo de cinco mujeres artistas nos han propuesto dise\u00f1ar su plan de marketing para su nuevo proyecto\u2026","rel":"","context":"En \u00abIES Ram\u00f3n Men\u00e9ndez Pidal\u00bb","img":{"alt_text":"","src":"https:\/\/i2.wp.com\/retotmp.valnaloneduca.com\/wp-content\/uploads\/2019\/02\/whatsapp-image-2019-02-15-at-18.44.32.jpeg?resize=350%2C200","width":350,"height":200},"classes":[]},{"id":2703,"url":"https:\/\/retotmp.valnaloneduca.com\/?p=2703","url_meta":{"origin":844,"position":5},"title":"ESCUELA DE SEGUNDA OPORTUNIDAD GIJ\u00d3N 2023-24","date":"mayo 3, 2024","format":false,"excerpt":"En el mes de\u00a0mayo\u00a0vamos a realizar\u00a0\u00a0un RETO\u00a0de Taller para Emprender\u00a0(tmp) en la escuela de segunda oportunidad\u00a0donde han colaborado tanto\u00a0la escuela como la agencia local de promoci\u00f3n econ\u00f3mica\u00a0https:\/\/www.facebook.com\/EmpleoGijon\u00a0del ayuntamiento de Gij\u00f3n. Arrancamos El\u00a0RETO\u00a0nos lo pondr\u00e1\u00a0https:\/\/www.ocahotels.com\/hoteles\/hotel-oca-palacio-llorea-spa\u00a0que nos lo definir\u00e1 en la sesi\u00f3n donde iremos a visitar sus instalaciones y conocer de primera\u2026","rel":"","context":"En \u00abCurso 2023-2024\u00bb","img":{"alt_text":"","src":"https:\/\/i1.wp.com\/retotmp.valnaloneduca.com\/wp-content\/uploads\/2024\/05\/Imagen2.jpg?resize=350%2C200&ssl=1","width":350,"height":200},"classes":[]}],"_links":{"self":[{"href":"https:\/\/retotmp.valnaloneduca.com\/index.php?rest_route=\/wp\/v2\/posts\/844"}],"collection":[{"href":"https:\/\/retotmp.valnaloneduca.com\/index.php?rest_route=\/wp\/v2\/posts"}],"about":[{"href":"https:\/\/retotmp.valnaloneduca.com\/index.php?rest_route=\/wp\/v2\/types\/post"}],"author":[{"embeddable":true,"href":"https:\/\/retotmp.valnaloneduca.com\/index.php?rest_route=\/wp\/v2\/users\/3"}],"replies":[{"embeddable":true,"href":"https:\/\/retotmp.valnaloneduca.com\/index.php?rest_route=%2Fwp%2Fv2%2Fcomments&post=844"}],"version-history":[{"count":0,"href":"https:\/\/retotmp.valnaloneduca.com\/index.php?rest_route=\/wp\/v2\/posts\/844\/revisions"}],"wp:attachment":[{"href":"https:\/\/retotmp.valnaloneduca.com\/index.php?rest_route=%2Fwp%2Fv2%2Fmedia&parent=844"}],"wp:term":[{"taxonomy":"category","embeddable":true,"href":"https:\/\/retotmp.valnaloneduca.com\/index.php?rest_route=%2Fwp%2Fv2%2Fcategories&post=844"},{"taxonomy":"post_tag","embeddable":true,"href":"https:\/\/retotmp.valnaloneduca.com\/index.php?rest_route=%2Fwp%2Fv2%2Ftags&post=844"}],"curies":[{"name":"wp","href":"https:\/\/api.w.org\/{rel}","templated":true}]}}