{"id":848,"date":"2019-03-29T08:49:38","date_gmt":"2019-03-29T08:49:38","guid":{"rendered":"https:\/\/retotmp.wordpress.com\/?p=848"},"modified":"2019-03-29T08:49:38","modified_gmt":"2019-03-29T08:49:38","slug":"entrevista-alejandro-arcasi-tello","status":"publish","type":"post","link":"https:\/\/retotmp.valnaloneduca.com\/?p=848","title":{"rendered":"ENTREVISTA ALEJANDRO ARCASI TELLO"},"content":{"rendered":"<p style=\"text-align:justify;\">1-\u00bfQue esperas de una tienda de guitarras?<\/p>\n<p style=\"text-align:justify;\">Como bien sabemos hoy en d\u00eda se puede comprar por Internet o en tienda f\u00edsica. En cuanto a una tienda f\u00edsica se espera que tenga en primer lugar lo m\u00e1s com\u00fan, como cuerdas, afinadores, correas&#8230; Tambi\u00e9n una exposici\u00f3n de las guitarras y amplificadores que tienen en stock, por si alguien decide iniciarse con la guitarra el\u00e9ctrica y poder salir de la tienda con todo lo necesario. Por lo que se refiere a las guitarras, una gama de productos extensa seria lo mejor, desde guitarras a precios asequibles hasta guitarras Custom. Todo ello para que el cliente vea la extensi\u00f3n de tipos de guitarra, as\u00ed como de amplificadores.<\/p>\n<p style=\"text-align:justify;\">2-\u00bfComo ser\u00eda tu tienda ideal?<\/p>\n<p style=\"text-align:justify;\">Estoy seguro de que cada guitarrista tiene una opini\u00f3n diferente. Una tienda con un espacio amplio, una entrada a la tienda como si fuese un portal hacia otro mundo, que nada m\u00e1s el cliente cruce la entrada se sumerja en algo totalmente distinto a lo com\u00fan, as\u00ed seria mi tienda ideal. Poder contemplar desde unas guitarras b\u00e1sicas hasta unas Custom.<\/p>\n<p style=\"text-align:justify;\">3-\u00bfQue promociones puede tener para convencerte de comprar en ella?<\/p>\n<p style=\"text-align:justify;\">A mi modo de ver, una buena promoci\u00f3n entre un cabezal y una pantalla seria perfecto. Ya sea de la marca que sea, siendo un equipo de dos o mas partes indica que ya es para un nivel medio \u2013 alto. Por lo general convendr\u00eda que haya promociones para la gente que se quiere iniciar en el mundo de la guitarra. Una buena oferta de guitarra junto a amplificador, con lo b\u00e1sico seria lo ideal y que, si se divulga correctamente, puede llegar a destacar.<\/p>\n<p style=\"text-align:justify;\">4-\u00bfConoces muchas tiendas especializadas en guitarras?<\/p>\n<p style=\"text-align:justify;\">Actualmente conozco tiendas bien equipadas y como buenas tiendas que son, cada una transmite cosas diferente a la hora de entrar en el local. Es cierto que, debido a la popularidad de las guitarras en Norte Am\u00e9rica, las tiendas son m\u00e1s grandes y tienen una variedad de productos colosal. En algunas zonas las tiendas son tan grandes que tienen escenarios y cada cierto tiempo se hacen eventos, as\u00ed como micro abierto o una Jam Session dedicada a la gente que se acerca a la tienda.<\/p>\n<p style=\"text-align:justify;\">5-\u00bfQue te parece la p\u00e1gina web?<\/p>\n<p style=\"text-align:justify;\">Nada m\u00e1s entrar te transmite elegancia por el dise\u00f1o equilibrado entre las fuentes de texto y las im\u00e1genes. No obstante, al dirigirse a la secci\u00f3n de Guitarras, se nota que las fotos de las guitarras disponibles tienen zoom por el dise\u00f1o de esta. La manera en que est\u00e1n puestas las im\u00e1genes es un poco ca\u00f3tica, ya que no tienen bordes o espaciado para poder diferenciarlas.<\/p>\n<p style=\"text-align:justify;\">6-\u00bfQue cambiar\u00edas de la p\u00e1gina web?<\/p>\n<p style=\"text-align:justify;\">En primer lugar, el elemento de carga situado nada m\u00e1s entrar a la p\u00e1gina web creo que sobra, ya que llega al 100% en nada. Una opci\u00f3n es poner una animaci\u00f3n m\u00e1s lenta, aunque la p\u00e1gina ya estuviese cargada, y la otra opci\u00f3n es quitarla.<\/p>\n<p style=\"text-align:justify;\">Con respecto a las im\u00e1genes con zoom, lo correcto es elegir una imagen con una resoluci\u00f3n adecuada, ya que al pasar el cursor por encima sigue haciendo a\u00fan m\u00e1s zoom sobre el producto y se ve la imagen en una peor calidad. Hay que tener en cuenta que los detalles para los clientes son muy importantes. Una descripci\u00f3n emergente al pasar el cursor por encima seria lo adecuado, la marca y el modelo. As\u00ed como a la hora de entrar al producto, poder ver las especificaciones del art\u00edculo (material, tipo de pastillas, envergadura, numero de trastes, etc..). Es cierto que la informaci\u00f3n esta en la misma p\u00e1gina web, pero estar\u00eda perfecto que se mostrasen las im\u00e1genes en paralelo con la informaci\u00f3n.<\/p>\n<p><a href=\"https:\/\/i1.wp.com\/retotmp.valnaloneduca.com\/wp-content\/uploads\/2019\/03\/guitar-with-wings-electric-music.jpg\"><img loading=\"lazy\" class=\"alignnone size-full wp-image-849\" src=\"https:\/\/i1.wp.com\/retotmp.valnaloneduca.com\/wp-content\/uploads\/2019\/03\/guitar-with-wings-electric-music.jpg?resize=491%2C615\" alt=\"\" width=\"491\" height=\"615\" srcset=\"https:\/\/i1.wp.com\/retotmp.valnaloneduca.com\/wp-content\/uploads\/2019\/03\/guitar-with-wings-electric-music.jpg?w=491&amp;ssl=1 491w, https:\/\/i1.wp.com\/retotmp.valnaloneduca.com\/wp-content\/uploads\/2019\/03\/guitar-with-wings-electric-music.jpg?resize=240%2C300&amp;ssl=1 240w\" sizes=\"(max-width: 491px) 100vw, 491px\" data-recalc-dims=\"1\" \/><\/a><\/p>\n","protected":false},"excerpt":{"rendered":"<p>1-\u00bfQue esperas de una tienda de guitarras? Como bien sabemos hoy en d\u00eda se puede comprar por Internet o en<\/p>\n","protected":false},"author":3,"featured_media":0,"comment_status":"open","ping_status":"open","sticky":false,"template":"","format":"standard","meta":{"spay_email":""},"categories":[21,30],"tags":[],"jetpack_featured_media_url":"","jetpack-related-posts":[{"id":910,"url":"https:\/\/retotmp.valnaloneduca.com\/?p=910","url_meta":{"origin":848,"position":0},"title":"Entrevista a Juan Fran Rodr\u00edguez Anaya","date":"abril 1, 2019","format":false,"excerpt":"Entrevista realizada por Alba, Cristina, Irene, Roselin y Fiore. Entrevista a Juan Fran Rodr\u00edguez Anaya (20 a\u00f1os), m\u00fasico desde la infancia (guitarra como instrumento principal.) Ha formado parte de varias bandas adem\u00e1s de componer y producir sus propias canciones. 1.-\u00bfQu\u00e9 es lo que te lleva a querer adquirir una guitarra\u2026","rel":"","context":"En \u00abIES Ram\u00f3n Men\u00e9ndez Pidal\u00bb","img":{"alt_text":"","src":"https:\/\/i0.wp.com\/retotmp.valnaloneduca.com\/wp-content\/uploads\/2019\/04\/whatsapp-image-2019-04-01-at-21.26.10-1.jpeg?resize=350%2C200","width":350,"height":200},"classes":[]},{"id":851,"url":"https:\/\/retotmp.valnaloneduca.com\/?p=851","url_meta":{"origin":848,"position":1},"title":"Entrevista a Manuel Angel","date":"marzo 29, 2019","format":false,"excerpt":"Entrevista aun editor de publicaciones de Marketing 1.\u00bfC\u00f3mo podr\u00eda llamar la atenci\u00f3n un tienda de guitarras? Hacerse ver y darse a conocer entre su circulo de amigos. 2.\u00bfC\u00f3mo podr\u00eda darse a conocer? Podr\u00eda darse a conocer en redes sociales como instagram facebook y linkedin. foros especializados y tambi\u00e9n es importante\u2026","rel":"","context":"En \u00abIES Ram\u00f3n Men\u00e9ndez Pidal\u00bb","img":{"alt_text":"marketing-3111733_960_720","src":"https:\/\/i2.wp.com\/retotmp.valnaloneduca.com\/wp-content\/uploads\/2019\/04\/marketing-3111733_960_720.jpg?resize=350%2C200","width":350,"height":200},"classes":[]},{"id":969,"url":"https:\/\/retotmp.valnaloneduca.com\/?p=969","url_meta":{"origin":848,"position":2},"title":"Nuevos retos, nuevas ideas para Barna Guitars","date":"abril 5, 2019","format":false,"excerpt":"Hace unos d\u00edas, Alejandro Barna nos hab\u00eda presentado el RETO de presentar propuestas para el dise\u00f1o de su nuevo punto de venta pero, tras las entrevistas realizadas y la informaci\u00f3n analizada, los equipos lo redefinieron y comenzaron a trabajar propuestas de comunicaci\u00f3n a trav\u00e9s de la promoci\u00f3n, las relaciones p\u00fablicas\u2026","rel":"","context":"En \u00abIES Ram\u00f3n Men\u00e9ndez Pidal\u00bb","img":{"alt_text":"","src":"https:\/\/i0.wp.com\/retotmp.valnaloneduca.com\/wp-content\/uploads\/2019\/04\/barna1.png?resize=350%2C200","width":350,"height":200},"classes":[]},{"id":886,"url":"https:\/\/retotmp.valnaloneduca.com\/?p=886","url_meta":{"origin":848,"position":3},"title":"Redefinimos el reto... generamos IDEAS","date":"abril 1, 2019","format":false,"excerpt":"Despu\u00e9s de la visita a Barna Guitars, hemos continuado con el desarrollo de la EMPAT\u00cdA realizando entrevistas a guitarristas, expertos en marketing y otros comercios que ten\u00edan una decoraci\u00f3n con tendencias similares. Las entrevistas fueron muy enriquecedoras, conseguimos mucha informaci\u00f3n y especialmente nos ayud\u00f3 a pasar a la siguiente fase...\u2026","rel":"","context":"En \u00abIES Ram\u00f3n Men\u00e9ndez Pidal\u00bb","img":{"alt_text":"ideas barna","src":"https:\/\/i1.wp.com\/retotmp.valnaloneduca.com\/wp-content\/uploads\/2019\/04\/ideas-barna.jpg?resize=350%2C200","width":350,"height":200},"classes":[]},{"id":641,"url":"https:\/\/retotmp.valnaloneduca.com\/?p=641","url_meta":{"origin":848,"position":4},"title":"ENTREVISTA A UN FAMILIAR","date":"febrero 18, 2019","format":false,"excerpt":"EQUIPO QUEENS. Entrevista realizada a un familiar de una compa\u00f1era: - \u00bfCu\u00e1les son tus gustos y que crees que les interesa a los j\u00f3venes? - A m\u00ed me gusta mucho un tipo de m\u00fasica llamado rap y este tipo de m\u00fasica les suele gustar tambi\u00e9n a los j\u00f3venes ya que\u2026","rel":"","context":"En \u00abIES N\u00ba 5\u00bb","img":{"alt_text":"","src":"","width":0,"height":0},"classes":[]},{"id":831,"url":"https:\/\/retotmp.valnaloneduca.com\/?p=831","url_meta":{"origin":848,"position":5},"title":"The Veenfies en los escenarios","date":"marzo 20, 2019","format":false,"excerpt":"The Veenfies ya ha comenzado a rodar por los escenarios, su estreno ha sido en las actividades programadas por el Ayuntamiento de Avil\u00e9s para el 8 de marzo. Que mejor estreno para 5 m\u00fasicas como Gloria (voz), Beatriz (teclado y coros), Noem\u00ed (guitarra), Laura (bajo) e Iris (bater\u00eda). Para quienes\u2026","rel":"","context":"En \u00abIES Ram\u00f3n Men\u00e9ndez Pidal\u00bb","img":{"alt_text":"","src":"https:\/\/i1.wp.com\/retotmp.valnaloneduca.com\/wp-content\/uploads\/2019\/03\/2-scaled.jpg?resize=350%2C200","width":350,"height":200},"classes":[]}],"_links":{"self":[{"href":"https:\/\/retotmp.valnaloneduca.com\/index.php?rest_route=\/wp\/v2\/posts\/848"}],"collection":[{"href":"https:\/\/retotmp.valnaloneduca.com\/index.php?rest_route=\/wp\/v2\/posts"}],"about":[{"href":"https:\/\/retotmp.valnaloneduca.com\/index.php?rest_route=\/wp\/v2\/types\/post"}],"author":[{"embeddable":true,"href":"https:\/\/retotmp.valnaloneduca.com\/index.php?rest_route=\/wp\/v2\/users\/3"}],"replies":[{"embeddable":true,"href":"https:\/\/retotmp.valnaloneduca.com\/index.php?rest_route=%2Fwp%2Fv2%2Fcomments&post=848"}],"version-history":[{"count":0,"href":"https:\/\/retotmp.valnaloneduca.com\/index.php?rest_route=\/wp\/v2\/posts\/848\/revisions"}],"wp:attachment":[{"href":"https:\/\/retotmp.valnaloneduca.com\/index.php?rest_route=%2Fwp%2Fv2%2Fmedia&parent=848"}],"wp:term":[{"taxonomy":"category","embeddable":true,"href":"https:\/\/retotmp.valnaloneduca.com\/index.php?rest_route=%2Fwp%2Fv2%2Fcategories&post=848"},{"taxonomy":"post_tag","embeddable":true,"href":"https:\/\/retotmp.valnaloneduca.com\/index.php?rest_route=%2Fwp%2Fv2%2Ftags&post=848"}],"curies":[{"name":"wp","href":"https:\/\/api.w.org\/{rel}","templated":true}]}}