{"id":852,"date":"2019-03-29T09:09:21","date_gmt":"2019-03-29T09:09:21","guid":{"rendered":"https:\/\/retotmp.wordpress.com\/?p=852"},"modified":"2019-03-29T09:09:21","modified_gmt":"2019-03-29T09:09:21","slug":"entrevista-tienda-agape","status":"publish","type":"post","link":"https:\/\/retotmp.valnaloneduca.com\/?p=852","title":{"rendered":"Entrevista tienda \u00c1gape"},"content":{"rendered":"<p style=\"text-align:justify;\">Entrevistamos a la hermana de la due\u00f1a de la tienda de productos ecol\u00f3gicos \u00c1gape, le hicimos las siguientes preguntas:<\/p>\n<p style=\"text-align:justify;\">1) \u00bfEn que se inspiro?<br \/>\nSe inspiro en el dise\u00f1o n\u00f3rdico ya que este estilo una de las claves que lo caracteriza es la naturaleza, al ser una tienda de productos ecol\u00f3gicos que era lo mejor que le quedaba.<br \/>\n2) \u00bfPor que escogi\u00f3 el color blanco para la tienda?<br \/>\nPorque es un color neutro, le da amplitud y luminosidad.<\/p>\n<p style=\"text-align:justify;\">Tambi\u00e9n investigamos sobre el estilo n\u00f3rdico cuyas claves son:<br \/>\nNaturaleza como protagonista, telas naturales, motivos geom\u00e9tricos, formas sencillas, variedad de materiales, combina dos estilos, uno es vintage y el otro es industrial, y sobre todo recicla y reutiliza. A continuaci\u00f3n se muestran varias fotos de la tienda.<\/p>\n<div class=\"tiled-gallery type-rectangular tiled-gallery-unresized\" data-original-width=\"910\" data-carousel-extra='null' itemscope itemtype=\"http:\/\/schema.org\/ImageGallery\" > <div class=\"gallery-row\" style=\"width: 910px; height: 386px;\" data-original-width=\"910\" data-original-height=\"386\" > <div class=\"gallery-group images-1\" style=\"width: 290px; height: 386px;\" data-original-width=\"290\" data-original-height=\"386\" > <div class=\"tiled-gallery-item tiled-gallery-item-large\" itemprop=\"associatedMedia\" itemscope itemtype=\"http:\/\/schema.org\/ImageObject\"> <a href=\"https:\/\/retotmp.valnaloneduca.com\/?attachment_id=853\" border=\"0\" itemprop=\"url\"> <meta itemprop=\"width\" content=\"286\"> <meta itemprop=\"height\" content=\"382\"> <img data-attachment-id=\"853\" data-orig-file=\"https:\/\/retotmp.valnaloneduca.com\/wp-content\/uploads\/2019\/03\/22852170_1241454212626988_8435047027696957_n.jpg\" data-orig-size=\"720,960\" data-comments-opened=\"1\" data-image-meta=\"{&quot;aperture&quot;:&quot;0&quot;,&quot;credit&quot;:&quot;&quot;,&quot;camera&quot;:&quot;&quot;,&quot;caption&quot;:&quot;&quot;,&quot;created_timestamp&quot;:&quot;0&quot;,&quot;copyright&quot;:&quot;&quot;,&quot;focal_length&quot;:&quot;0&quot;,&quot;iso&quot;:&quot;0&quot;,&quot;shutter_speed&quot;:&quot;0&quot;,&quot;title&quot;:&quot;&quot;,&quot;orientation&quot;:&quot;0&quot;}\" data-image-title=\"22852170 1241454212626988 8435047027696957 n\" data-image-description=\"\" data-medium-file=\"https:\/\/i0.wp.com\/retotmp.valnaloneduca.com\/wp-content\/uploads\/2019\/03\/22852170_1241454212626988_8435047027696957_n.jpg?fit=225%2C300&#038;ssl=1\" data-large-file=\"https:\/\/i0.wp.com\/retotmp.valnaloneduca.com\/wp-content\/uploads\/2019\/03\/22852170_1241454212626988_8435047027696957_n.jpg?fit=720%2C960&#038;ssl=1\" src=\"https:\/\/i0.wp.com\/retotmp.valnaloneduca.com\/wp-content\/uploads\/2019\/03\/22852170_1241454212626988_8435047027696957_n.jpg?w=286&#038;h=382&#038;ssl=1\" width=\"286\" height=\"382\" data-original-width=\"286\" data-original-height=\"382\" itemprop=\"http:\/\/schema.org\/image\" title=\"22852170 1241454212626988 8435047027696957 n\" alt=\"22852170 1241454212626988 8435047027696957 n\" style=\"width: 286px; height: 382px;\" \/> <\/a> <div class=\"tiled-gallery-caption\" itemprop=\"caption description\"> 22852170 1241454212626988 8435047027696957 n <\/div> <\/div> <\/div> <!-- close group --> <div class=\"gallery-group images-2\" style=\"width: 256px; height: 386px;\" data-original-width=\"256\" data-original-height=\"386\" > <div class=\"tiled-gallery-item tiled-gallery-item-large\" itemprop=\"associatedMedia\" itemscope itemtype=\"http:\/\/schema.org\/ImageObject\"> <a href=\"https:\/\/retotmp.valnaloneduca.com\/?attachment_id=854\" border=\"0\" itemprop=\"url\"> <meta itemprop=\"width\" content=\"252\"> <meta itemprop=\"height\" content=\"189\"> <img data-attachment-id=\"854\" data-orig-file=\"https:\/\/retotmp.valnaloneduca.com\/wp-content\/uploads\/2019\/03\/50758804_1735295836576154_2460031884168527872_n.jpg\" data-orig-size=\"960,720\" data-comments-opened=\"1\" data-image-meta=\"{&quot;aperture&quot;:&quot;0&quot;,&quot;credit&quot;:&quot;&quot;,&quot;camera&quot;:&quot;&quot;,&quot;caption&quot;:&quot;&quot;,&quot;created_timestamp&quot;:&quot;0&quot;,&quot;copyright&quot;:&quot;&quot;,&quot;focal_length&quot;:&quot;0&quot;,&quot;iso&quot;:&quot;0&quot;,&quot;shutter_speed&quot;:&quot;0&quot;,&quot;title&quot;:&quot;&quot;,&quot;orientation&quot;:&quot;0&quot;}\" data-image-title=\"50758804 1735295836576154 2460031884168527872 n\" data-image-description=\"\" data-medium-file=\"https:\/\/i1.wp.com\/retotmp.valnaloneduca.com\/wp-content\/uploads\/2019\/03\/50758804_1735295836576154_2460031884168527872_n.jpg?fit=300%2C225&#038;ssl=1\" data-large-file=\"https:\/\/i1.wp.com\/retotmp.valnaloneduca.com\/wp-content\/uploads\/2019\/03\/50758804_1735295836576154_2460031884168527872_n.jpg?fit=910%2C683&#038;ssl=1\" src=\"https:\/\/i1.wp.com\/retotmp.valnaloneduca.com\/wp-content\/uploads\/2019\/03\/50758804_1735295836576154_2460031884168527872_n.jpg?w=252&#038;h=189&#038;ssl=1\" width=\"252\" height=\"189\" data-original-width=\"252\" data-original-height=\"189\" itemprop=\"http:\/\/schema.org\/image\" title=\"50758804 1735295836576154 2460031884168527872 n\" alt=\"50758804 1735295836576154 2460031884168527872 n\" style=\"width: 252px; height: 189px;\" \/> <\/a> <div class=\"tiled-gallery-caption\" itemprop=\"caption description\"> 50758804 1735295836576154 2460031884168527872 n <\/div> <\/div> <div class=\"tiled-gallery-item tiled-gallery-item-large\" itemprop=\"associatedMedia\" itemscope itemtype=\"http:\/\/schema.org\/ImageObject\"> <a href=\"https:\/\/retotmp.valnaloneduca.com\/?attachment_id=855\" border=\"0\" itemprop=\"url\"> <meta itemprop=\"width\" content=\"252\"> <meta itemprop=\"height\" content=\"189\"> <img data-attachment-id=\"855\" data-orig-file=\"https:\/\/retotmp.valnaloneduca.com\/wp-content\/uploads\/2019\/03\/23755583_1264629230309486_3714532771081593912_n.jpg\" data-orig-size=\"960,720\" data-comments-opened=\"1\" data-image-meta=\"{&quot;aperture&quot;:&quot;0&quot;,&quot;credit&quot;:&quot;&quot;,&quot;camera&quot;:&quot;&quot;,&quot;caption&quot;:&quot;&quot;,&quot;created_timestamp&quot;:&quot;0&quot;,&quot;copyright&quot;:&quot;&quot;,&quot;focal_length&quot;:&quot;0&quot;,&quot;iso&quot;:&quot;0&quot;,&quot;shutter_speed&quot;:&quot;0&quot;,&quot;title&quot;:&quot;&quot;,&quot;orientation&quot;:&quot;0&quot;}\" data-image-title=\"23755583 1264629230309486 3714532771081593912 n\" data-image-description=\"\" data-medium-file=\"https:\/\/i0.wp.com\/retotmp.valnaloneduca.com\/wp-content\/uploads\/2019\/03\/23755583_1264629230309486_3714532771081593912_n.jpg?fit=300%2C225&#038;ssl=1\" data-large-file=\"https:\/\/i0.wp.com\/retotmp.valnaloneduca.com\/wp-content\/uploads\/2019\/03\/23755583_1264629230309486_3714532771081593912_n.jpg?fit=910%2C683&#038;ssl=1\" src=\"https:\/\/i0.wp.com\/retotmp.valnaloneduca.com\/wp-content\/uploads\/2019\/03\/23755583_1264629230309486_3714532771081593912_n.jpg?w=252&#038;h=189&#038;ssl=1\" width=\"252\" height=\"189\" data-original-width=\"252\" data-original-height=\"189\" itemprop=\"http:\/\/schema.org\/image\" title=\"23755583 1264629230309486 3714532771081593912 n\" alt=\"23755583 1264629230309486 3714532771081593912 n\" style=\"width: 252px; height: 189px;\" \/> <\/a> <div class=\"tiled-gallery-caption\" itemprop=\"caption description\"> 23755583 1264629230309486 3714532771081593912 n <\/div> <\/div> <\/div> <!-- close group --> <div class=\"gallery-group images-1\" style=\"width: 364px; height: 386px;\" data-original-width=\"364\" data-original-height=\"386\" > <div class=\"tiled-gallery-item tiled-gallery-item-large\" itemprop=\"associatedMedia\" itemscope itemtype=\"http:\/\/schema.org\/ImageObject\"> <a href=\"https:\/\/retotmp.valnaloneduca.com\/?attachment_id=856\" border=\"0\" itemprop=\"url\"> <meta itemprop=\"width\" content=\"360\"> <meta itemprop=\"height\" content=\"382\"> <img data-attachment-id=\"856\" data-orig-file=\"https:\/\/retotmp.valnaloneduca.com\/wp-content\/uploads\/2019\/03\/47109551_1658540727584999_4769594133197094912_n.jpg\" data-orig-size=\"906,960\" data-comments-opened=\"1\" data-image-meta=\"{&quot;aperture&quot;:&quot;0&quot;,&quot;credit&quot;:&quot;&quot;,&quot;camera&quot;:&quot;&quot;,&quot;caption&quot;:&quot;&quot;,&quot;created_timestamp&quot;:&quot;0&quot;,&quot;copyright&quot;:&quot;&quot;,&quot;focal_length&quot;:&quot;0&quot;,&quot;iso&quot;:&quot;0&quot;,&quot;shutter_speed&quot;:&quot;0&quot;,&quot;title&quot;:&quot;&quot;,&quot;orientation&quot;:&quot;0&quot;}\" data-image-title=\"47109551 1658540727584999 4769594133197094912 n\" data-image-description=\"\" data-medium-file=\"https:\/\/i0.wp.com\/retotmp.valnaloneduca.com\/wp-content\/uploads\/2019\/03\/47109551_1658540727584999_4769594133197094912_n.jpg?fit=283%2C300&#038;ssl=1\" data-large-file=\"https:\/\/i0.wp.com\/retotmp.valnaloneduca.com\/wp-content\/uploads\/2019\/03\/47109551_1658540727584999_4769594133197094912_n.jpg?fit=906%2C960&#038;ssl=1\" src=\"https:\/\/i0.wp.com\/retotmp.valnaloneduca.com\/wp-content\/uploads\/2019\/03\/47109551_1658540727584999_4769594133197094912_n.jpg?w=360&#038;h=382&#038;ssl=1\" width=\"360\" height=\"382\" data-original-width=\"360\" data-original-height=\"382\" itemprop=\"http:\/\/schema.org\/image\" title=\"47109551 1658540727584999 4769594133197094912 n\" alt=\"47109551 1658540727584999 4769594133197094912 n\" style=\"width: 360px; height: 382px;\" \/> <\/a> <div class=\"tiled-gallery-caption\" itemprop=\"caption description\"> 47109551 1658540727584999 4769594133197094912 n <\/div> <\/div> <\/div> <!-- close group --> <\/div> <!-- close row --> <\/div>\n","protected":false},"excerpt":{"rendered":"<p>Entrevistamos a la hermana de la due\u00f1a de la tienda de productos ecol\u00f3gicos \u00c1gape, le hicimos las siguientes preguntas: 1)<\/p>\n","protected":false},"author":3,"featured_media":0,"comment_status":"open","ping_status":"open","sticky":false,"template":"","format":"standard","meta":{"spay_email":""},"categories":[21,30],"tags":[],"jetpack_featured_media_url":"","jetpack-related-posts":[{"id":879,"url":"https:\/\/retotmp.valnaloneduca.com\/?p=879","url_meta":{"origin":852,"position":0},"title":"Un Luthier estrenando local","date":"abril 1, 2019","format":false,"excerpt":"Comenzamos el reto con Barna Guitars haciendo una visita a sus nuevas instalaciones ubicadas en la Calle Hermanos Espolita, n\u00famero 8 de Avil\u00e9s. A\u00fan no se identifica la presencia del Luthier en el barrio de la Magdalena, pero, en pocos meses esta fachada ser\u00e1 otra... Alejandro, como siempre, fue un\u2026","rel":"","context":"En \u00abIES Ram\u00f3n Men\u00e9ndez Pidal\u00bb","img":{"alt_text":"","src":"https:\/\/i1.wp.com\/retotmp.valnaloneduca.com\/wp-content\/uploads\/2019\/04\/barna-3-scaled.jpg?resize=350%2C200","width":350,"height":200},"classes":[]},{"id":851,"url":"https:\/\/retotmp.valnaloneduca.com\/?p=851","url_meta":{"origin":852,"position":1},"title":"Entrevista a Manuel Angel","date":"marzo 29, 2019","format":false,"excerpt":"Entrevista aun editor de publicaciones de Marketing 1.\u00bfC\u00f3mo podr\u00eda llamar la atenci\u00f3n un tienda de guitarras? Hacerse ver y darse a conocer entre su circulo de amigos. 2.\u00bfC\u00f3mo podr\u00eda darse a conocer? Podr\u00eda darse a conocer en redes sociales como instagram facebook y linkedin. foros especializados y tambi\u00e9n es importante\u2026","rel":"","context":"En \u00abIES Ram\u00f3n Men\u00e9ndez Pidal\u00bb","img":{"alt_text":"marketing-3111733_960_720","src":"https:\/\/i2.wp.com\/retotmp.valnaloneduca.com\/wp-content\/uploads\/2019\/04\/marketing-3111733_960_720.jpg?resize=350%2C200","width":350,"height":200},"classes":[]},{"id":1654,"url":"https:\/\/retotmp.valnaloneduca.com\/?p=1654","url_meta":{"origin":852,"position":2},"title":"Reto 1 EL MANANTIAL - Escaparate navide\u00f1o. Fase 2","date":"marzo 23, 2020","format":false,"excerpt":"Escenario comercial - clientela (empat\u00eda +entrevista) En constante investigaci\u00f3n e ideaci\u00f3n, el\u00a0trabajo contin\u00faa. El escaparate no solo tiene que recordarnos que es Navidad, sino que tiene que mostrar ideas originales ajustadas al producto y clientela para\u00a0persuadir\u00a0la compra de estos productos para regalo navide\u00f1o. Y todo ello acorde al estilo de\u2026","rel":"","context":"En \u00abCFPE LLANA 2019-2020\u00bb","img":{"alt_text":"","src":"https:\/\/i2.wp.com\/retotmp.valnaloneduca.com\/wp-content\/uploads\/2020\/03\/20191120_094631-1.jpg?resize=350%2C200","width":350,"height":200},"classes":[]},{"id":1648,"url":"https:\/\/retotmp.valnaloneduca.com\/?p=1648","url_meta":{"origin":852,"position":3},"title":"Reto 1 EL MANANTIAL - Escaparate navide\u00f1o. Fase 1","date":"marzo 23, 2020","format":false,"excerpt":"Escenario t\u00e9cnico-est\u00e9tico. Los cuatro equipos comienzan a trabajar la soluci\u00f3n al reto,\u00a0no sin antes una visita virtual y f\u00edsica a la tienda \u00a0para representar el escenario, el\u00a0espacio tridimensional del escaparate. Mientras, de manera paralela, proponen ideas combinadas con los elementos originales y el estilo de la tienda.. \u00a0 \u00a0","rel":"","context":"En \u00abCFPE LLANA 2019-2020\u00bb","img":{"alt_text":"","src":"https:\/\/i1.wp.com\/retotmp.valnaloneduca.com\/wp-content\/uploads\/2020\/03\/20191120_112101_burst01.jpg?resize=350%2C200","width":350,"height":200},"classes":[]},{"id":1660,"url":"https:\/\/retotmp.valnaloneduca.com\/?p=1660","url_meta":{"origin":852,"position":4},"title":"Reto 1 EL MANANTIAL - Escaparate navide\u00f1o. Fase 3","date":"marzo 23, 2020","format":false,"excerpt":"Idea Top Tras trabajar todos los escenarios (estilo de la tienda- espacio-clientela-productos), cada grupo plante\u00f3 de manera muy diferente sus primeras ideas est\u00e9ticas y comerciales\u00a0como respuesta a un mismo evento, la Navidad. Una idea base para arrancar el dise\u00f1o de la campa\u00f1a de ambientaci\u00f3n navide\u00f1a, a la que se sumar\u00e1n\u2026","rel":"","context":"En \u00abCFPE LLANA 2019-2020\u00bb","img":{"alt_text":"","src":"https:\/\/i2.wp.com\/retotmp.valnaloneduca.com\/wp-content\/uploads\/2020\/03\/20191120_104115.jpg?resize=350%2C200","width":350,"height":200},"classes":[]},{"id":910,"url":"https:\/\/retotmp.valnaloneduca.com\/?p=910","url_meta":{"origin":852,"position":5},"title":"Entrevista a Juan Fran Rodr\u00edguez Anaya","date":"abril 1, 2019","format":false,"excerpt":"Entrevista realizada por Alba, Cristina, Irene, Roselin y Fiore. Entrevista a Juan Fran Rodr\u00edguez Anaya (20 a\u00f1os), m\u00fasico desde la infancia (guitarra como instrumento principal.) Ha formado parte de varias bandas adem\u00e1s de componer y producir sus propias canciones. 1.-\u00bfQu\u00e9 es lo que te lleva a querer adquirir una guitarra\u2026","rel":"","context":"En \u00abIES Ram\u00f3n Men\u00e9ndez Pidal\u00bb","img":{"alt_text":"","src":"https:\/\/i0.wp.com\/retotmp.valnaloneduca.com\/wp-content\/uploads\/2019\/04\/whatsapp-image-2019-04-01-at-21.26.10-1.jpeg?resize=350%2C200","width":350,"height":200},"classes":[]}],"_links":{"self":[{"href":"https:\/\/retotmp.valnaloneduca.com\/index.php?rest_route=\/wp\/v2\/posts\/852"}],"collection":[{"href":"https:\/\/retotmp.valnaloneduca.com\/index.php?rest_route=\/wp\/v2\/posts"}],"about":[{"href":"https:\/\/retotmp.valnaloneduca.com\/index.php?rest_route=\/wp\/v2\/types\/post"}],"author":[{"embeddable":true,"href":"https:\/\/retotmp.valnaloneduca.com\/index.php?rest_route=\/wp\/v2\/users\/3"}],"replies":[{"embeddable":true,"href":"https:\/\/retotmp.valnaloneduca.com\/index.php?rest_route=%2Fwp%2Fv2%2Fcomments&post=852"}],"version-history":[{"count":0,"href":"https:\/\/retotmp.valnaloneduca.com\/index.php?rest_route=\/wp\/v2\/posts\/852\/revisions"}],"wp:attachment":[{"href":"https:\/\/retotmp.valnaloneduca.com\/index.php?rest_route=%2Fwp%2Fv2%2Fmedia&parent=852"}],"wp:term":[{"taxonomy":"category","embeddable":true,"href":"https:\/\/retotmp.valnaloneduca.com\/index.php?rest_route=%2Fwp%2Fv2%2Fcategories&post=852"},{"taxonomy":"post_tag","embeddable":true,"href":"https:\/\/retotmp.valnaloneduca.com\/index.php?rest_route=%2Fwp%2Fv2%2Ftags&post=852"}],"curies":[{"name":"wp","href":"https:\/\/api.w.org\/{rel}","templated":true}]}}