{"id":862,"date":"2019-04-01T07:35:46","date_gmt":"2019-04-01T07:35:46","guid":{"rendered":"https:\/\/retotmp.wordpress.com\/?p=862"},"modified":"2019-04-01T07:35:46","modified_gmt":"2019-04-01T07:35:46","slug":"soluciones-cf-llanes","status":"publish","type":"post","link":"https:\/\/retotmp.valnaloneduca.com\/?p=862","title":{"rendered":"SOLUCIONES CF LLANES"},"content":{"rendered":"<p>El alumnado del Ciclo formativo ha COMUNICADO ala jefa de estudios Idoia y al profesor Jes\u00fas del IES LLANES las soluciones al RETO impuesto.<\/p>\n<p><img loading=\"lazy\" src=\"https:\/\/i2.wp.com\/retotmp.valnaloneduca.com\/wp-content\/uploads\/2019\/04\/ordenador.jpg?resize=300%2C225\" alt=\"\" width=\"300\" height=\"225\" class=\"alignright size-medium wp-image-863\" data-recalc-dims=\"1\" \/><\/p>\n<p>Han apostado por m\u00e1s implicaci\u00f3n por parte del alumnado para realizar la graduaci\u00f3n, menos tiempo y mas creatividad en el evento, fiestas tem\u00e1ticas, buscar patrocinios para subsanar los gastos que pueda ocasionar, celebrar actuaciones con el propio alumnado del centro&#8230;<\/p>\n<p><img loading=\"lazy\" src=\"https:\/\/i1.wp.com\/retotmp.valnaloneduca.com\/wp-content\/uploads\/2019\/04\/exp.jpg?resize=300%2C225\" alt=\"\" width=\"300\" height=\"225\" class=\"alignright size-medium wp-image-864\" data-recalc-dims=\"1\" \/><\/p>\n<p>Idoia y Jes\u00fas les ha parecido bien y les dar\u00e1 a todas las ideas una vuelta para poder ver si ya este a\u00f1o pueden aplicar alguna en la graduaci\u00f3n. Les ha pedido al alumnado que si sale propuestas que han comunicado que les ayude a realizarlas.<\/p>\n<p>Agradecer a la jefatura de estudios y al profesorado su implicaci\u00f3n.<\/p>\n","protected":false},"excerpt":{"rendered":"<p>El alumnado del Ciclo formativo ha COMUNICADO ala jefa de estudios Idoia y al profesor Jes\u00fas del IES LLANES las<\/p>\n","protected":false},"author":3,"featured_media":0,"comment_status":"open","ping_status":"open","sticky":false,"template":"","format":"standard","meta":{"spay_email":""},"categories":[16,30],"tags":[],"jetpack_featured_media_url":"","jetpack-related-posts":[{"id":867,"url":"https:\/\/retotmp.valnaloneduca.com\/?p=867","url_meta":{"origin":862,"position":0},"title":"OPERACI\u00d3N GRADUACI\u00d3N CF LLANES","date":"abril 1, 2019","format":false,"excerpt":"En esta segunda sesi\u00f3n hemos exprimido las entrevistas que han realizado el alumnado para poder llegar a posibles soluciones al RETO que nos han comunicado. A partir de ellas han realizado una tormenta de ideas para elegir las mejores y definir como las llevar\u00eda a cabo. La pr\u00f3xima semana vendr\u00e1n\u2026","rel":"","context":"En \u00abIES Llanes\u00bb","img":{"alt_text":"","src":"https:\/\/i1.wp.com\/retotmp.valnaloneduca.com\/wp-content\/uploads\/2019\/04\/pizarra.jpg?resize=350%2C200","width":350,"height":200},"classes":[]},{"id":858,"url":"https:\/\/retotmp.valnaloneduca.com\/?p=858","url_meta":{"origin":862,"position":1},"title":"SOLUCIONES BCH LLANES","date":"abril 1, 2019","format":false,"excerpt":"Hemos realizado la tercera sesi\u00f3n del curso de Llanes donde el alumnado a expuesto las soluciones al RETO. Loles, la jefa de estudios, escuch\u00f3 dichas acciones. Han sido todas muy creativas y diferentes donde ha primado la concenciaci\u00f3n desde las familias mediante charlas, convocar concursos con premios a la mejor\u2026","rel":"","context":"En \u00abIES Llanes\u00bb","img":{"alt_text":"","src":"https:\/\/i2.wp.com\/retotmp.valnaloneduca.com\/wp-content\/uploads\/2019\/04\/trabajando-2.jpg?resize=350%2C200","width":350,"height":200},"classes":[]},{"id":2067,"url":"https:\/\/retotmp.valnaloneduca.com\/?p=2067","url_meta":{"origin":862,"position":2},"title":"IES LLANES-LLANES 2020-21","date":"junio 1, 2021","format":false,"excerpt":"En el mes de abril realizamos\u00a0 un RETO ON LINE+PRESENCIAL de Taller para Emprender (tmp) en el IES LLANES de Llanes. En\u00a0la primera sesi\u00f3n\u00a0ha definido el RETO\u00a0 la empresa QNK https:\/\/www.qnkarquitectura.com , estudio de arquitectura situado en Sama de Langreo, comunic\u00e1ndoselo al alumnado v\u00eda on line. Alumnado QNK- Reto ON\u2026","rel":"","context":"En \u00abCurso 2020-2021\u00bb","img":{"alt_text":"","src":"https:\/\/i1.wp.com\/retotmp.valnaloneduca.com\/wp-content\/uploads\/2021\/06\/almn-1.jpg?resize=350%2C200&ssl=1","width":350,"height":200},"classes":[]},{"id":786,"url":"https:\/\/retotmp.valnaloneduca.com\/?p=786","url_meta":{"origin":862,"position":3},"title":"RETO CF LLANES","date":"marzo 15, 2019","format":false,"excerpt":"Hemos arrancado este jueves, el segundo reto en el IES LLANES donde el alumnado del ciclo formativo de administraci\u00f3n y finanzas tendr\u00e1n que buscar acciones para CELEBRAR LA GRADUACI\u00d3N DE BACHILLER Y CICLOS FORMATIVOS DE ESTE A\u00d1O. Loles, jefa de estudios del centro, les ha pedido ayuda para poder llevar\u2026","rel":"","context":"En \u00abIES Llanes\u00bb","img":{"alt_text":"","src":"https:\/\/i0.wp.com\/retotmp.valnaloneduca.com\/wp-content\/uploads\/2019\/03\/loles.jpg?resize=350%2C200","width":350,"height":200},"classes":[]},{"id":783,"url":"https:\/\/retotmp.valnaloneduca.com\/?p=783","url_meta":{"origin":862,"position":4},"title":"RETO BCH LLANES","date":"marzo 13, 2019","format":false,"excerpt":"Vamos a realizar durante el mes de marzo dos reto en el IES llanes. Hemos empezado este lunes con el grupo de bachiller donde la jefa de estudios nos ha comunicado el RETO basado en MEJORAR LA LIMPIEZA DE LOS PASILLOS DESPUES DE LOS RECREOS. Hicimos entre todos unas peque\u00f1as\u2026","rel":"","context":"En \u00abIES Llanes\u00bb","img":{"alt_text":"","src":"https:\/\/i1.wp.com\/retotmp.valnaloneduca.com\/wp-content\/uploads\/2019\/03\/profe-ies-llanes.jpg?resize=350%2C200","width":350,"height":200},"classes":[]},{"id":2144,"url":"https:\/\/retotmp.valnaloneduca.com\/?p=2144","url_meta":{"origin":862,"position":5},"title":"IES REY PELAYO CANGAS DE ONIS 2021-22","date":"marzo 14, 2022","format":false,"excerpt":"En el mes de marzo realizaremos\u00a0un RETO de Taller para Emprender (tmp) en el IES REY PELAYO de Cangas de Onis. Estamos trabajando\u00a0con el alumnado del\u00a0CFGM de gesti\u00f3n administrativa, tutorizado por su profesora de econom\u00eda\u00a0Ana rosa Mu\u00f1iz. En\u00a0la primera sesi\u00f3n\u00a0la entidad\u00a0educativa\u00a0les ha definido, al alumnado, el\u00a0RETO\u00a0que tienen que trabajar durante\u2026","rel":"","context":"En \u00abCurso 2021-2022\u00bb","img":{"alt_text":"","src":"https:\/\/i1.wp.com\/retotmp.valnaloneduca.com\/wp-content\/uploads\/2022\/03\/Info2.jpg?resize=350%2C200&ssl=1","width":350,"height":200},"classes":[]}],"_links":{"self":[{"href":"https:\/\/retotmp.valnaloneduca.com\/index.php?rest_route=\/wp\/v2\/posts\/862"}],"collection":[{"href":"https:\/\/retotmp.valnaloneduca.com\/index.php?rest_route=\/wp\/v2\/posts"}],"about":[{"href":"https:\/\/retotmp.valnaloneduca.com\/index.php?rest_route=\/wp\/v2\/types\/post"}],"author":[{"embeddable":true,"href":"https:\/\/retotmp.valnaloneduca.com\/index.php?rest_route=\/wp\/v2\/users\/3"}],"replies":[{"embeddable":true,"href":"https:\/\/retotmp.valnaloneduca.com\/index.php?rest_route=%2Fwp%2Fv2%2Fcomments&post=862"}],"version-history":[{"count":0,"href":"https:\/\/retotmp.valnaloneduca.com\/index.php?rest_route=\/wp\/v2\/posts\/862\/revisions"}],"wp:attachment":[{"href":"https:\/\/retotmp.valnaloneduca.com\/index.php?rest_route=%2Fwp%2Fv2%2Fmedia&parent=862"}],"wp:term":[{"taxonomy":"category","embeddable":true,"href":"https:\/\/retotmp.valnaloneduca.com\/index.php?rest_route=%2Fwp%2Fv2%2Fcategories&post=862"},{"taxonomy":"post_tag","embeddable":true,"href":"https:\/\/retotmp.valnaloneduca.com\/index.php?rest_route=%2Fwp%2Fv2%2Ftags&post=862"}],"curies":[{"name":"wp","href":"https:\/\/api.w.org\/{rel}","templated":true}]}}