{"id":902,"date":"2019-04-01T15:05:35","date_gmt":"2019-04-01T15:05:35","guid":{"rendered":"https:\/\/retotmp.wordpress.com\/?p=902"},"modified":"2019-04-01T15:05:35","modified_gmt":"2019-04-01T15:05:35","slug":"avellanapilona","status":"publish","type":"post","link":"https:\/\/retotmp.valnaloneduca.com\/?p=902","title":{"rendered":"AVELLANA=PILO\u00d1A RETO CF"},"content":{"rendered":"<p>El mi\u00e9rcoles comenzamos nuevo curso en el IES INFIESTO. Daremos un curso para los ciclos formativos de administraci\u00f3n y electricidad y dos cursos para los bachilleres.<\/p>\n<p><img loading=\"lazy\" src=\"https:\/\/i2.wp.com\/retotmp.valnaloneduca.com\/wp-content\/uploads\/2019\/04\/27907554_411037246016241_2769408595445289129_o.jpg?resize=300%2C107\" alt=\"\" width=\"300\" height=\"107\" class=\"alignright size-medium wp-image-903\" srcset=\"https:\/\/i2.wp.com\/retotmp.valnaloneduca.com\/wp-content\/uploads\/2019\/04\/27907554_411037246016241_2769408595445289129_o.jpg?w=1643&amp;ssl=1 1643w, https:\/\/i2.wp.com\/retotmp.valnaloneduca.com\/wp-content\/uploads\/2019\/04\/27907554_411037246016241_2769408595445289129_o.jpg?resize=300%2C107&amp;ssl=1 300w, https:\/\/i2.wp.com\/retotmp.valnaloneduca.com\/wp-content\/uploads\/2019\/04\/27907554_411037246016241_2769408595445289129_o.jpg?resize=1024%2C366&amp;ssl=1 1024w, https:\/\/i2.wp.com\/retotmp.valnaloneduca.com\/wp-content\/uploads\/2019\/04\/27907554_411037246016241_2769408595445289129_o.jpg?resize=768%2C275&amp;ssl=1 768w, https:\/\/i2.wp.com\/retotmp.valnaloneduca.com\/wp-content\/uploads\/2019\/04\/27907554_411037246016241_2769408595445289129_o.jpg?resize=1536%2C550&amp;ssl=1 1536w\" sizes=\"(max-width: 300px) 100vw, 300px\" data-recalc-dims=\"1\" \/><\/p>\n<p>Ya tenemos definido el primer RETO dirigido a los ciclos basado en buscar acciones para potenciar la recogida y la comercializaci\u00f3n de la avellana de PILO\u00d1A.<\/p>\n<p>Os seguiremos informando..<\/p>\n","protected":false},"excerpt":{"rendered":"<p>El mi\u00e9rcoles comenzamos nuevo curso en el IES INFIESTO. Daremos un curso para los ciclos formativos de administraci\u00f3n y electricidad<\/p>\n","protected":false},"author":3,"featured_media":0,"comment_status":"open","ping_status":"open","sticky":false,"template":"","format":"standard","meta":{"spay_email":""},"categories":[13,30],"tags":[],"jetpack_featured_media_url":"","jetpack-related-posts":[{"id":963,"url":"https:\/\/retotmp.valnaloneduca.com\/?p=963","url_meta":{"origin":902,"position":0},"title":"PROTOTIPANDO-HACIENDO EQUIPO-RETO CF","date":"abril 3, 2019","format":false,"excerpt":"Empezamos la primera sesi\u00f3n en el IES INFIESTO, en horario escolar, con el grupo de Ciclo Formativo. La profesora del centro, Asunci\u00f3n, fue la persona encargada de comunicarnos EL RETO. Nos informa que le tenemos que dar ideas para definir y comercializar una explotaci\u00f3n de avellanas en PILO\u00d1A. El alumnado\u2026","rel":"","context":"En \u00abIES Infiesto\u00bb","img":{"alt_text":"","src":"","width":0,"height":0},"classes":[]},{"id":2802,"url":"https:\/\/retotmp.valnaloneduca.com\/?p=2802","url_meta":{"origin":902,"position":1},"title":"RETO TMP DEALI IES INFIESTO","date":"febrero 26, 2025","format":false,"excerpt":"Durante el curso 2024-25 y 2025-26 vamos a colaborar con el profesor Tom\u00e1s Fern\u00e1ndez Hern\u00e1ndez y su alumnado de CFGM de Gesti\u00f3n Administrativa del IES INFIESTO, en el reto de realizar acciones para reducir el desperdicio alimenticio en el concejo de Pilo\u00f1a. Han denominado el proyecto como DEALI ( desperdicio\u2026","rel":"","context":"En \u00abCurso 2024-2025\u00bb","img":{"alt_text":"","src":"https:\/\/i0.wp.com\/retotmp.valnaloneduca.com\/wp-content\/uploads\/2025\/02\/2.jpg?resize=350%2C200&ssl=1","width":350,"height":200},"classes":[]},{"id":2335,"url":"https:\/\/retotmp.valnaloneduca.com\/?p=2335","url_meta":{"origin":902,"position":2},"title":"IES INFIESTO 2022-23","date":"marzo 8, 2023","format":false,"excerpt":"En el mes de marzo vamos a realizar\u00a0un RETO de Taller para Emprender (tmp) en el IES INFIESTO de Infiesto. Va dirigido a\u00a0alumnado del\u00a01\u00ba y 2\u00ba de CFGM Gesti\u00f3n Administrativa, tutorizado por su profesora de econom\u00eda\u00a0Ana Rosa M\u00fa\u00f1iz. En\u00a0la primera sesi\u00f3n\u00a0el alcalde del Ayuntamiento de Pilo\u00f1a, Don Iv\u00e1n Allende Tora\u00f1o,\u2026","rel":"","context":"En \u00abCurso 2022-2023\u00bb","img":{"alt_text":"","src":"https:\/\/i2.wp.com\/retotmp.valnaloneduca.com\/wp-content\/uploads\/2023\/05\/arkous.jpg?resize=350%2C200&ssl=1","width":350,"height":200},"classes":[]},{"id":983,"url":"https:\/\/retotmp.valnaloneduca.com\/?p=983","url_meta":{"origin":902,"position":3},"title":"DENOMINACI\u00d3N DE ORIGEN YA-RETO CF","date":"abril 10, 2019","format":false,"excerpt":"Hemos realizado la ultima sesi\u00f3n y el alumnado a expuesto sus soluciones a su profesora de FOL. Tras sacarle jugo a las entrevistas, realizamos una tormenta de ideas y los estudiantes eligieron las mejores. A partir de la selecci\u00f3n, las desarrollaron y realizaron un power point para comunicarselas a su\u2026","rel":"","context":"En \u00abIES Infiesto\u00bb","img":{"alt_text":"","src":"https:\/\/i0.wp.com\/retotmp.valnaloneduca.com\/wp-content\/uploads\/2019\/04\/pizarra-1.jpg?resize=350%2C200","width":350,"height":200},"classes":[]},{"id":1925,"url":"https:\/\/retotmp.valnaloneduca.com\/?p=1925","url_meta":{"origin":902,"position":4},"title":"COMUNICANDO-1\u00baB","date":"junio 17, 2020","format":false,"excerpt":"Os aportamos las ideas elaboradas por este grupo durante la pandemia. Valorar el esfuerzo del alumnado que han seguido trabajando en el RETO desde sus casas. IDEAS RETO IES INFIESTO \u00a0 Gracias a la colaboraci\u00f3n del centro educativo y en especial a Mireia Sirvent Navarro, Responsable de Actividades Complementarias y\u2026","rel":"","context":"En \u00abIES Infiesto 2019-2020\u00bb","img":{"alt_text":"","src":"https:\/\/i1.wp.com\/retotmp.valnaloneduca.com\/wp-content\/uploads\/2020\/06\/idea-2.jpg?resize=350%2C200","width":350,"height":200},"classes":[]},{"id":1166,"url":"https:\/\/retotmp.valnaloneduca.com\/?p=1166","url_meta":{"origin":902,"position":5},"title":"SOLUCIONES-RETO BCH B","date":"mayo 20, 2019","format":false,"excerpt":"Hemos realizado la segunda sesi\u00f3n del curso TMP en el IES Infiesto. Exprimimos las entrevistas entre todos y sacamos conclusiones. Han comenzado, por grupos, realizar sus propias tormenta de ideas y han surgido muchas que han tenido que desarrollarlas para defenderlas ante Mireia. La exposici\u00f3n de las ideas han sido\u2026","rel":"","context":"En \u00abIES Infiesto\u00bb","img":{"alt_text":"","src":"https:\/\/i2.wp.com\/retotmp.valnaloneduca.com\/wp-content\/uploads\/2019\/05\/pizarra-2.jpg?resize=350%2C200","width":350,"height":200},"classes":[]}],"_links":{"self":[{"href":"https:\/\/retotmp.valnaloneduca.com\/index.php?rest_route=\/wp\/v2\/posts\/902"}],"collection":[{"href":"https:\/\/retotmp.valnaloneduca.com\/index.php?rest_route=\/wp\/v2\/posts"}],"about":[{"href":"https:\/\/retotmp.valnaloneduca.com\/index.php?rest_route=\/wp\/v2\/types\/post"}],"author":[{"embeddable":true,"href":"https:\/\/retotmp.valnaloneduca.com\/index.php?rest_route=\/wp\/v2\/users\/3"}],"replies":[{"embeddable":true,"href":"https:\/\/retotmp.valnaloneduca.com\/index.php?rest_route=%2Fwp%2Fv2%2Fcomments&post=902"}],"version-history":[{"count":0,"href":"https:\/\/retotmp.valnaloneduca.com\/index.php?rest_route=\/wp\/v2\/posts\/902\/revisions"}],"wp:attachment":[{"href":"https:\/\/retotmp.valnaloneduca.com\/index.php?rest_route=%2Fwp%2Fv2%2Fmedia&parent=902"}],"wp:term":[{"taxonomy":"category","embeddable":true,"href":"https:\/\/retotmp.valnaloneduca.com\/index.php?rest_route=%2Fwp%2Fv2%2Fcategories&post=902"},{"taxonomy":"post_tag","embeddable":true,"href":"https:\/\/retotmp.valnaloneduca.com\/index.php?rest_route=%2Fwp%2Fv2%2Ftags&post=902"}],"curies":[{"name":"wp","href":"https:\/\/api.w.org\/{rel}","templated":true}]}}