{"id":920,"date":"2019-04-03T11:41:30","date_gmt":"2019-04-03T11:41:30","guid":{"rendered":"https:\/\/retotmp.wordpress.com\/?p=920"},"modified":"2019-04-03T11:41:30","modified_gmt":"2019-04-03T11:41:30","slug":"920","status":"publish","type":"post","link":"https:\/\/retotmp.valnaloneduca.com\/?p=920","title":{"rendered":"Talento del IES N\u00ba5 en la Factor\u00eda Cultural"},"content":{"rendered":"<p style=\"text-align:justify;\">Tras cinco semanas de trabajo con los retos, lleg\u00f3 el momento esperado&#8230;la presentaci\u00f3n de las ideas trabajadas. Muchos\/as estaban nerviosas pero tambi\u00e9n con la ilusi\u00f3n de presentar las propuestas para la Noche Blanca de Avil\u00e9s y la Programaci\u00f3n art\u00edstica, cultural y formativa de la Factor\u00eda Cultural.<\/p>\n<p style=\"text-align:justify;\">Fueron pocas horas pero, intensas, de la mano de Anabel Barrio, <strong>visitamos las instalaciones de la Factor\u00eda<\/strong>, entre todo el alumnado se hicieron <strong>m\u00e1s de 29 entrevistas<\/strong> a asociaciones juveniles, artistas, profesorado, estudiantes&#8230; incluso casi <strong>400 encuestas a j\u00f3venes de Avil\u00e9s<\/strong> a trav\u00e9s de las redes sociales que nos aportaron mucha informaci\u00f3n sobre sus intereses y motivaciones art\u00edsticas y culturales.<\/p>\n<p style=\"text-align:justify;\">Finalmente entre todos los estudiantes de 1\u00ba bachillerato del IES N\u00ba 5 se generaron algo m\u00e1s de <strong>340 IDEAS<\/strong>&#8230; \u00a1una locura! as\u00ed que finalmente desarrollamos y prototipamos 29 de ellas.<\/p>\n<p style=\"text-align:justify;\">Algunas fueron presentadas en persona a Anabel, directora de la Factor\u00eda. Concurso de talentos, intercambios, fiesta ibicenca con charlas, conciertos, cine, talleres de decoraci\u00f3n en fechas se\u00f1aladas, charlas sobre temas tab\u00fas, talleres de graffiti, de cocina, fotograf\u00eda&#8230; evento musical, encuentro de food trucks, batalla de rap, micr\u00f3fono abierto, concurso de c\u00f3mic&#8230; fueron algunas de las ideas presentadas y anotadas por la directora de la Factor\u00eda.<\/p>\n<p style=\"text-align:justify;\">Anabel volvi\u00f3 con la agenda repleta de propuestas, algunas m\u00e1s viables que otras pero, todas con mucho potencial.<\/p>\n<div class=\"tiled-gallery type-rectangular tiled-gallery-unresized\" data-original-width=\"910\" data-carousel-extra='null' itemscope itemtype=\"http:\/\/schema.org\/ImageGallery\" > <div class=\"gallery-row\" style=\"width: 910px; height: 456px;\" data-original-width=\"910\" data-original-height=\"456\" > <div class=\"gallery-group images-1\" style=\"width: 607px; height: 456px;\" data-original-width=\"607\" data-original-height=\"456\" > <div class=\"tiled-gallery-item tiled-gallery-item-large\" itemprop=\"associatedMedia\" itemscope itemtype=\"http:\/\/schema.org\/ImageObject\"> <a href=\"https:\/\/retotmp.valnaloneduca.com\/?attachment_id=924\" border=\"0\" itemprop=\"url\"> <meta itemprop=\"width\" content=\"603\"> <meta itemprop=\"height\" content=\"452\"> <img data-attachment-id=\"924\" data-orig-file=\"https:\/\/retotmp.valnaloneduca.com\/wp-content\/uploads\/2019\/04\/img_20190320_110743_657-scaled.jpg\" data-orig-size=\"2560,1920\" data-comments-opened=\"1\" data-image-meta=\"{&quot;aperture&quot;:&quot;2.2&quot;,&quot;credit&quot;:&quot;&quot;,&quot;camera&quot;:&quot;Aquaris U&quot;,&quot;caption&quot;:&quot;&quot;,&quot;created_timestamp&quot;:&quot;1553080063&quot;,&quot;copyright&quot;:&quot;&quot;,&quot;focal_length&quot;:&quot;3.4&quot;,&quot;iso&quot;:&quot;528&quot;,&quot;shutter_speed&quot;:&quot;0.03030303030303&quot;,&quot;title&quot;:&quot;&quot;,&quot;orientation&quot;:&quot;0&quot;}\" data-image-title=\"IMG_20190320_110743_657\" data-image-description=\"\" data-medium-file=\"https:\/\/i2.wp.com\/retotmp.valnaloneduca.com\/wp-content\/uploads\/2019\/04\/img_20190320_110743_657-scaled.jpg?fit=300%2C225&#038;ssl=1\" data-large-file=\"https:\/\/i2.wp.com\/retotmp.valnaloneduca.com\/wp-content\/uploads\/2019\/04\/img_20190320_110743_657-scaled.jpg?fit=910%2C683&#038;ssl=1\" src=\"https:\/\/i2.wp.com\/retotmp.valnaloneduca.com\/wp-content\/uploads\/2019\/04\/img_20190320_110743_657-scaled.jpg?w=603&#038;h=452&#038;ssl=1\" width=\"603\" height=\"452\" data-original-width=\"603\" data-original-height=\"452\" itemprop=\"http:\/\/schema.org\/image\" title=\"IMG_20190320_110743_657\" alt=\"IMG_20190320_110743_657\" style=\"width: 603px; height: 452px;\" \/> <\/a> <\/div> <\/div> <!-- close group --> <div class=\"gallery-group images-2\" style=\"width: 303px; height: 456px;\" data-original-width=\"303\" data-original-height=\"456\" > <div class=\"tiled-gallery-item tiled-gallery-item-large\" itemprop=\"associatedMedia\" itemscope itemtype=\"http:\/\/schema.org\/ImageObject\"> <a href=\"https:\/\/retotmp.valnaloneduca.com\/?attachment_id=923\" border=\"0\" itemprop=\"url\"> <meta itemprop=\"width\" content=\"299\"> <meta itemprop=\"height\" content=\"224\"> <img data-attachment-id=\"923\" data-orig-file=\"https:\/\/retotmp.valnaloneduca.com\/wp-content\/uploads\/2019\/04\/img_20190320_110316_656-scaled.jpg\" data-orig-size=\"2560,1920\" data-comments-opened=\"1\" data-image-meta=\"{&quot;aperture&quot;:&quot;2.2&quot;,&quot;credit&quot;:&quot;&quot;,&quot;camera&quot;:&quot;Aquaris U&quot;,&quot;caption&quot;:&quot;&quot;,&quot;created_timestamp&quot;:&quot;1553079797&quot;,&quot;copyright&quot;:&quot;&quot;,&quot;focal_length&quot;:&quot;3.4&quot;,&quot;iso&quot;:&quot;631&quot;,&quot;shutter_speed&quot;:&quot;0.03030303030303&quot;,&quot;title&quot;:&quot;&quot;,&quot;orientation&quot;:&quot;0&quot;}\" data-image-title=\"IMG_20190320_110316_656\" data-image-description=\"\" data-medium-file=\"https:\/\/i1.wp.com\/retotmp.valnaloneduca.com\/wp-content\/uploads\/2019\/04\/img_20190320_110316_656-scaled.jpg?fit=300%2C225&#038;ssl=1\" data-large-file=\"https:\/\/i1.wp.com\/retotmp.valnaloneduca.com\/wp-content\/uploads\/2019\/04\/img_20190320_110316_656-scaled.jpg?fit=910%2C683&#038;ssl=1\" src=\"https:\/\/i1.wp.com\/retotmp.valnaloneduca.com\/wp-content\/uploads\/2019\/04\/img_20190320_110316_656-scaled.jpg?w=299&#038;h=224&#038;ssl=1\" width=\"299\" height=\"224\" data-original-width=\"299\" data-original-height=\"224\" itemprop=\"http:\/\/schema.org\/image\" title=\"IMG_20190320_110316_656\" alt=\"IMG_20190320_110316_656\" style=\"width: 299px; height: 224px;\" \/> <\/a> <\/div> <div class=\"tiled-gallery-item tiled-gallery-item-large\" itemprop=\"associatedMedia\" itemscope itemtype=\"http:\/\/schema.org\/ImageObject\"> <a href=\"https:\/\/retotmp.valnaloneduca.com\/?attachment_id=922\" border=\"0\" itemprop=\"url\"> <meta itemprop=\"width\" content=\"299\"> <meta itemprop=\"height\" content=\"224\"> <img data-attachment-id=\"922\" data-orig-file=\"https:\/\/retotmp.valnaloneduca.com\/wp-content\/uploads\/2019\/04\/img_20190320_105454_748-scaled.jpg\" data-orig-size=\"2560,1920\" data-comments-opened=\"1\" data-image-meta=\"{&quot;aperture&quot;:&quot;2.2&quot;,&quot;credit&quot;:&quot;&quot;,&quot;camera&quot;:&quot;Aquaris U&quot;,&quot;caption&quot;:&quot;&quot;,&quot;created_timestamp&quot;:&quot;1553079295&quot;,&quot;copyright&quot;:&quot;&quot;,&quot;focal_length&quot;:&quot;3.4&quot;,&quot;iso&quot;:&quot;712&quot;,&quot;shutter_speed&quot;:&quot;0.03030303030303&quot;,&quot;title&quot;:&quot;&quot;,&quot;orientation&quot;:&quot;0&quot;}\" data-image-title=\"IMG_20190320_105454_748\" data-image-description=\"\" data-medium-file=\"https:\/\/i2.wp.com\/retotmp.valnaloneduca.com\/wp-content\/uploads\/2019\/04\/img_20190320_105454_748-scaled.jpg?fit=300%2C225&#038;ssl=1\" data-large-file=\"https:\/\/i2.wp.com\/retotmp.valnaloneduca.com\/wp-content\/uploads\/2019\/04\/img_20190320_105454_748-scaled.jpg?fit=910%2C683&#038;ssl=1\" src=\"https:\/\/i2.wp.com\/retotmp.valnaloneduca.com\/wp-content\/uploads\/2019\/04\/img_20190320_105454_748-scaled.jpg?w=299&#038;h=224&#038;ssl=1\" width=\"299\" height=\"224\" data-original-width=\"299\" data-original-height=\"224\" itemprop=\"http:\/\/schema.org\/image\" title=\"IMG_20190320_105454_748\" alt=\"IMG_20190320_105454_748\" style=\"width: 299px; height: 224px;\" \/> <\/a> <\/div> <\/div> <!-- close group --> <\/div> <!-- close row --> <div class=\"gallery-row\" style=\"width: 910px; height: 684px;\" data-original-width=\"910\" data-original-height=\"684\" > <div class=\"gallery-group images-1\" style=\"width: 910px; height: 684px;\" data-original-width=\"910\" data-original-height=\"684\" > <div class=\"tiled-gallery-item tiled-gallery-item-large\" itemprop=\"associatedMedia\" itemscope itemtype=\"http:\/\/schema.org\/ImageObject\"> <a href=\"https:\/\/retotmp.valnaloneduca.com\/?attachment_id=921\" border=\"0\" itemprop=\"url\"> <meta itemprop=\"width\" content=\"906\"> <meta itemprop=\"height\" content=\"680\"> <img data-attachment-id=\"921\" data-orig-file=\"https:\/\/retotmp.valnaloneduca.com\/wp-content\/uploads\/2019\/04\/img_0555-scaled.jpg\" data-orig-size=\"2560,1920\" data-comments-opened=\"1\" data-image-meta=\"{&quot;aperture&quot;:&quot;1.8&quot;,&quot;credit&quot;:&quot;&quot;,&quot;camera&quot;:&quot;iPhone X&quot;,&quot;caption&quot;:&quot;&quot;,&quot;created_timestamp&quot;:&quot;1553077375&quot;,&quot;copyright&quot;:&quot;&quot;,&quot;focal_length&quot;:&quot;4&quot;,&quot;iso&quot;:&quot;40&quot;,&quot;shutter_speed&quot;:&quot;0.058823529411765&quot;,&quot;title&quot;:&quot;&quot;,&quot;orientation&quot;:&quot;1&quot;}\" data-image-title=\"IMG_0555\" data-image-description=\"\" data-medium-file=\"https:\/\/i1.wp.com\/retotmp.valnaloneduca.com\/wp-content\/uploads\/2019\/04\/img_0555-scaled.jpg?fit=300%2C225&#038;ssl=1\" data-large-file=\"https:\/\/i1.wp.com\/retotmp.valnaloneduca.com\/wp-content\/uploads\/2019\/04\/img_0555-scaled.jpg?fit=910%2C683&#038;ssl=1\" src=\"https:\/\/i1.wp.com\/retotmp.valnaloneduca.com\/wp-content\/uploads\/2019\/04\/img_0555-scaled.jpg?w=906&#038;h=680&#038;ssl=1\" width=\"906\" height=\"680\" data-original-width=\"906\" data-original-height=\"680\" itemprop=\"http:\/\/schema.org\/image\" title=\"IMG_0555\" alt=\"IMG_0555\" style=\"width: 906px; height: 680px;\" \/> <\/a> <\/div> <\/div> <!-- close group --> <\/div> <!-- close row --> <\/div>\n<p style=\"text-align:justify;\">Al finalizar las presentaciones se valoraron las posibilidades de llevarlas a cabo as\u00ed como la necesidad de seguir trabajando en ellas animando a los estudiantes a acercarse a la Factor\u00eda, no s\u00f3lo para disfrutar de toda su oferta cultural y art\u00edstica, sino tambi\u00e9n para formar parte de su crecimiento como centro de referencia en y fuera de Asturias.<\/p>\n<p style=\"text-align:justify;\">Por el momento, estamos deseando ver la programaci\u00f3n de la pr\u00f3xima Noche Blanca en Avil\u00e9s, intuimos que muchas de estas ideas aparecer\u00e1n&#8230; no olvid\u00e9is seguirnos y ocupar los espacios de Avil\u00e9s con mucha arte y cultura.<\/p>\n","protected":false},"excerpt":{"rendered":"<p>Tras cinco semanas de trabajo con los retos, lleg\u00f3 el momento esperado&#8230;la presentaci\u00f3n de las ideas trabajadas. Muchos\/as estaban nerviosas<\/p>\n","protected":false},"author":4,"featured_media":0,"comment_status":"open","ping_status":"open","sticky":false,"template":"","format":"standard","meta":{"spay_email":""},"categories":[18,30],"tags":[],"jetpack_featured_media_url":"","jetpack-related-posts":[{"id":527,"url":"https:\/\/retotmp.valnaloneduca.com\/?p=527","url_meta":{"origin":920,"position":0},"title":"Reto art\u00edstico y cultural","date":"febrero 4, 2019","format":false,"excerpt":"La semana pasada comenzamos 4 cursos tmp con algo m\u00e1s de 100 estudiantes de 1\u00ba bachillerato del IES N\u00ba 5 de Avil\u00e9s. Los retos han sido propuestos por la FACTOR\u00cdA CULTURAL de AVIL\u00c9S, Centro Art\u00edstico Multidisciplinar de la Fundaci\u00f3n Municipal de Cultura del Ayuntamiento de Avil\u00e9s. Y dado el perfil\u2026","rel":"","context":"En \u00abIES N\u00ba 5\u00bb","img":{"alt_text":"","src":"","width":0,"height":0},"classes":[]},{"id":688,"url":"https:\/\/retotmp.valnaloneduca.com\/?p=688","url_meta":{"origin":920,"position":1},"title":"Decenas de entrevistas, decenas de ideas...","date":"febrero 20, 2019","format":false,"excerpt":"En tan s\u00f3lo 3 sesiones de trabajo con los estudiantes de 1\u00ba Bachillerato del IES N\u00aa 5 ya han surgido decenas de ideas para presentar a la Facotor\u00eda Cultural de Avil\u00e9s. A\u00fan est\u00e1n por madurar y perfilar pero, ya tenemos una primera aproximaci\u00f3n a los futuros prototipos que presentaremos. Seguiendo\u2026","rel":"","context":"En \u00abIES N\u00ba 5\u00bb","img":{"alt_text":"Designthinking","src":"https:\/\/i1.wp.com\/retotmp.valnaloneduca.com\/wp-content\/uploads\/2019\/02\/designthinking.png?resize=350%2C200","width":350,"height":200},"classes":[]},{"id":926,"url":"https:\/\/retotmp.valnaloneduca.com\/?p=926","url_meta":{"origin":920,"position":2},"title":"Prototipos para la Factor\u00eda","date":"abril 3, 2019","format":false,"excerpt":"Durante estos d\u00edas ha sido un placer contar con la colaboraci\u00f3n de la directora de la Factor\u00eda Cultural para acercarse al IES N\u00ba 5 a intercambiar impresiones sobre las ideas trabajadas pero, sus responsabilidades y compromisos con la Factor\u00eda Cultural no ha permitido que pudiera presenciar todas las presentaciones. De\u2026","rel":"","context":"En \u00abIES N\u00ba 5\u00bb","img":{"alt_text":"","src":"https:\/\/i2.wp.com\/retotmp.valnaloneduca.com\/wp-content\/uploads\/2019\/04\/noche-blanca-total-1.png?resize=350%2C200","width":350,"height":200},"classes":[]},{"id":530,"url":"https:\/\/retotmp.valnaloneduca.com\/?p=530","url_meta":{"origin":920,"position":3},"title":"Visita a la Factor\u00eda Cultural","date":"febrero 4, 2019","format":false,"excerpt":"Los retos propuestos por la Factor\u00eda Cultural han comenzado, como no pod\u00eda ser de otra manera, con una visita a las instalaciones. El objetivo era conocer los espacios y la programaci\u00f3n disponible. Recorrimos todos los espacios, las aulas de cer\u00e1mica, grabado y pintura, el cuarto de hornos el\u00e9ctricos y de\u2026","rel":"","context":"En \u00abIES N\u00ba 5\u00bb","img":{"alt_text":"","src":"https:\/\/i1.wp.com\/retotmp.valnaloneduca.com\/wp-content\/uploads\/2019\/02\/whatsapp-image-2019-02-04-at-12.02.23-2.jpeg?resize=350%2C200","width":350,"height":200},"classes":[]},{"id":581,"url":"https:\/\/retotmp.valnaloneduca.com\/?p=581","url_meta":{"origin":920,"position":4},"title":"Encuesta a gente entre 14 y 21 a\u00f1os","date":"febrero 11, 2019","format":false,"excerpt":"Hemos realizado una encuesta a un total de 42 adolescentes de Avil\u00e9s. El 70% de la gente no conoc\u00eda la factoria cultural, la mayor\u00eda no pertenec\u00eda al instituto por lo que muchos de ellos desconoc\u00eda la existencia de sus actividades, es por eso que un 60% desconoce las actividades y\u2026","rel":"","context":"En \u00abIES N\u00ba 5\u00bb","img":{"alt_text":"","src":"","width":0,"height":0},"classes":[]},{"id":750,"url":"https:\/\/retotmp.valnaloneduca.com\/?p=750","url_meta":{"origin":920,"position":5},"title":"29 equipos...Infinitas ideas en la Factor\u00eda","date":"febrero 26, 2019","format":false,"excerpt":"En el IES N\u00ba 5 se han creado 29 equipos y durante la \u00faltima sesi\u00f3n cada uno ha propuesto 12 ideas para mejorar la programaci\u00f3n art\u00edstica y cultural de la Factor\u00eda as\u00ed como de la Noche Blanca para la edici\u00f3n del 2019.... as\u00ed es que tenemos.... \u00a1\u00a1\u00a1348 IDEAS!!! Una peque\u00f1a\u2026","rel":"","context":"En \u00abIES N\u00ba 5\u00bb","img":{"alt_text":"mindmap-2123973_960_720","src":"https:\/\/i2.wp.com\/retotmp.valnaloneduca.com\/wp-content\/uploads\/2019\/02\/mindmap-2123973_960_720.jpg?resize=350%2C200","width":350,"height":200},"classes":[]}],"_links":{"self":[{"href":"https:\/\/retotmp.valnaloneduca.com\/index.php?rest_route=\/wp\/v2\/posts\/920"}],"collection":[{"href":"https:\/\/retotmp.valnaloneduca.com\/index.php?rest_route=\/wp\/v2\/posts"}],"about":[{"href":"https:\/\/retotmp.valnaloneduca.com\/index.php?rest_route=\/wp\/v2\/types\/post"}],"author":[{"embeddable":true,"href":"https:\/\/retotmp.valnaloneduca.com\/index.php?rest_route=\/wp\/v2\/users\/4"}],"replies":[{"embeddable":true,"href":"https:\/\/retotmp.valnaloneduca.com\/index.php?rest_route=%2Fwp%2Fv2%2Fcomments&post=920"}],"version-history":[{"count":0,"href":"https:\/\/retotmp.valnaloneduca.com\/index.php?rest_route=\/wp\/v2\/posts\/920\/revisions"}],"wp:attachment":[{"href":"https:\/\/retotmp.valnaloneduca.com\/index.php?rest_route=%2Fwp%2Fv2%2Fmedia&parent=920"}],"wp:term":[{"taxonomy":"category","embeddable":true,"href":"https:\/\/retotmp.valnaloneduca.com\/index.php?rest_route=%2Fwp%2Fv2%2Fcategories&post=920"},{"taxonomy":"post_tag","embeddable":true,"href":"https:\/\/retotmp.valnaloneduca.com\/index.php?rest_route=%2Fwp%2Fv2%2Ftags&post=920"}],"curies":[{"name":"wp","href":"https:\/\/api.w.org\/{rel}","templated":true}]}}