{"id":963,"date":"2019-04-03T14:42:19","date_gmt":"2019-04-03T14:42:19","guid":{"rendered":"https:\/\/retotmp.wordpress.com\/?p=963"},"modified":"2019-04-03T14:42:19","modified_gmt":"2019-04-03T14:42:19","slug":"prototipando-haciendo-equipo-reto-cf","status":"publish","type":"post","link":"https:\/\/retotmp.valnaloneduca.com\/?p=963","title":{"rendered":"PROTOTIPANDO-HACIENDO EQUIPO-RETO CF"},"content":{"rendered":"<p>Empezamos la primera sesi\u00f3n en el IES INFIESTO, en horario escolar, con el grupo de Ciclo Formativo. La profesora del centro, Asunci\u00f3n, fue la persona encargada de comunicarnos EL RETO. Nos informa que le tenemos que dar ideas para definir y comercializar una explotaci\u00f3n de avellanas en PILO\u00d1A.<\/p>\n<p>El alumnado le ha gustado la iniciativa y nos ponemos a funcionar. Realizamos diversas dinamicas para conocernos y hacer grupo. La primera fue hacer un PECHAKUCHA donde tenian que presentarse durante 20 segundos y romper el miedo a hablar en p\u00fablico y la segunda fue una acci\u00f3n basada en definir ideas y dise\u00f1ar futuros PROTOTIPOS a partir de cinco cosas que sacaran de una papelera y cinco cosas que comprasen en una drogueria.<\/p>\n<p><img loading=\"lazy\" src=\"https:\/\/i1.wp.com\/retotmp.valnaloneduca.com\/wp-content\/uploads\/2019\/04\/collage.png?resize=300%2C150\" alt=\"\" width=\"300\" height=\"150\" class=\"alignright size-medium wp-image-964\" srcset=\"https:\/\/i1.wp.com\/retotmp.valnaloneduca.com\/wp-content\/uploads\/2019\/04\/collage.png?w=1417&amp;ssl=1 1417w, https:\/\/i1.wp.com\/retotmp.valnaloneduca.com\/wp-content\/uploads\/2019\/04\/collage.png?resize=300%2C150&amp;ssl=1 300w, https:\/\/i1.wp.com\/retotmp.valnaloneduca.com\/wp-content\/uploads\/2019\/04\/collage.png?resize=1024%2C512&amp;ssl=1 1024w, https:\/\/i1.wp.com\/retotmp.valnaloneduca.com\/wp-content\/uploads\/2019\/04\/collage.png?resize=768%2C384&amp;ssl=1 768w\" sizes=\"(max-width: 300px) 100vw, 300px\" data-recalc-dims=\"1\" \/><\/p>\n<p>Los estudiantes han sacado todo su potencial y han explotado su creatividad COMUNICANDO sus dise\u00f1os.<\/p>\n<p>Para la pr\u00f3xima semana deben realizar ENTREVISTAS  a su entorno para conseguir respuestas que nos ayuden acercarnos a posibles soluciones que podamos utilizar para EL RETO.<\/p>\n","protected":false},"excerpt":{"rendered":"<p>Empezamos la primera sesi\u00f3n en el IES INFIESTO, en horario escolar, con el grupo de Ciclo Formativo. La profesora del<\/p>\n","protected":false},"author":3,"featured_media":0,"comment_status":"open","ping_status":"open","sticky":false,"template":"","format":"standard","meta":{"spay_email":""},"categories":[13,30],"tags":[],"jetpack_featured_media_url":"","jetpack-related-posts":[{"id":2335,"url":"https:\/\/retotmp.valnaloneduca.com\/?p=2335","url_meta":{"origin":963,"position":0},"title":"IES INFIESTO 2022-23","date":"marzo 8, 2023","format":false,"excerpt":"En el mes de marzo vamos a realizar\u00a0un RETO de Taller para Emprender (tmp) en el IES INFIESTO de Infiesto. Va dirigido a\u00a0alumnado del\u00a01\u00ba y 2\u00ba de CFGM Gesti\u00f3n Administrativa, tutorizado por su profesora de econom\u00eda\u00a0Ana Rosa M\u00fa\u00f1iz. En\u00a0la primera sesi\u00f3n\u00a0el alcalde del Ayuntamiento de Pilo\u00f1a, Don Iv\u00e1n Allende Tora\u00f1o,\u2026","rel":"","context":"En \u00abCurso 2022-2023\u00bb","img":{"alt_text":"","src":"https:\/\/i2.wp.com\/retotmp.valnaloneduca.com\/wp-content\/uploads\/2023\/05\/arkous.jpg?resize=350%2C200&ssl=1","width":350,"height":200},"classes":[]},{"id":1166,"url":"https:\/\/retotmp.valnaloneduca.com\/?p=1166","url_meta":{"origin":963,"position":1},"title":"SOLUCIONES-RETO BCH B","date":"mayo 20, 2019","format":false,"excerpt":"Hemos realizado la segunda sesi\u00f3n del curso TMP en el IES Infiesto. Exprimimos las entrevistas entre todos y sacamos conclusiones. Han comenzado, por grupos, realizar sus propias tormenta de ideas y han surgido muchas que han tenido que desarrollarlas para defenderlas ante Mireia. La exposici\u00f3n de las ideas han sido\u2026","rel":"","context":"En \u00abIES Infiesto\u00bb","img":{"alt_text":"","src":"https:\/\/i2.wp.com\/retotmp.valnaloneduca.com\/wp-content\/uploads\/2019\/05\/pizarra-2.jpg?resize=350%2C200","width":350,"height":200},"classes":[]},{"id":1925,"url":"https:\/\/retotmp.valnaloneduca.com\/?p=1925","url_meta":{"origin":963,"position":2},"title":"COMUNICANDO-1\u00baB","date":"junio 17, 2020","format":false,"excerpt":"Os aportamos las ideas elaboradas por este grupo durante la pandemia. Valorar el esfuerzo del alumnado que han seguido trabajando en el RETO desde sus casas. IDEAS RETO IES INFIESTO \u00a0 Gracias a la colaboraci\u00f3n del centro educativo y en especial a Mireia Sirvent Navarro, Responsable de Actividades Complementarias y\u2026","rel":"","context":"En \u00abIES Infiesto 2019-2020\u00bb","img":{"alt_text":"","src":"https:\/\/i1.wp.com\/retotmp.valnaloneduca.com\/wp-content\/uploads\/2020\/06\/idea-2.jpg?resize=350%2C200","width":350,"height":200},"classes":[]},{"id":2802,"url":"https:\/\/retotmp.valnaloneduca.com\/?p=2802","url_meta":{"origin":963,"position":3},"title":"RETO TMP DEALI IES INFIESTO","date":"febrero 26, 2025","format":false,"excerpt":"Durante el curso 2024-25 y 2025-26 vamos a colaborar con el profesor Tom\u00e1s Fern\u00e1ndez Hern\u00e1ndez y su alumnado de CFGM de Gesti\u00f3n Administrativa del IES INFIESTO, en el reto de realizar acciones para reducir el desperdicio alimenticio en el concejo de Pilo\u00f1a. Han denominado el proyecto como DEALI ( desperdicio\u2026","rel":"","context":"En \u00abCurso 2024-2025\u00bb","img":{"alt_text":"","src":"https:\/\/i0.wp.com\/retotmp.valnaloneduca.com\/wp-content\/uploads\/2025\/02\/2.jpg?resize=350%2C200&ssl=1","width":350,"height":200},"classes":[]},{"id":1132,"url":"https:\/\/retotmp.valnaloneduca.com\/?p=1132","url_meta":{"origin":963,"position":4},"title":"SOLUCIONES - RETO BCH A","date":"mayo 15, 2019","format":false,"excerpt":"Esta ha sido la ultima sesi\u00f3n del curso de tmp al grupo de 1\u00ba BCH A. Han COMUNICADO cada grupo sus entrevistas y las hemos estudiado para poder sacar posibles conclusiones al RETO definido. Han trabajado en una TORMENTA DE IDEAS y han seleccionado las mejores para explicar como las\u2026","rel":"","context":"En \u00abIES Infiesto\u00bb","img":{"alt_text":"","src":"https:\/\/i1.wp.com\/retotmp.valnaloneduca.com\/wp-content\/uploads\/2019\/05\/trabajando.jpg?resize=350%2C200","width":350,"height":200},"classes":[]},{"id":1032,"url":"https:\/\/retotmp.valnaloneduca.com\/?p=1032","url_meta":{"origin":963,"position":5},"title":"APORTANDO IDEAS-RETO BCH A","date":"mayo 6, 2019","format":false,"excerpt":"Hemos empezado la primera sesi\u00f3n del curso de TMP con 27 temeperos del aula de 1\u00ba BCH A, que van a trabajar en el RETO que le ha comunicado su directora Covadonga. El centro propone al alumnado de BCH que aporte ideas para que consuman en la cafeteria del instituto\u2026","rel":"","context":"En \u00abIES Infiesto\u00bb","img":{"alt_text":"","src":"https:\/\/i0.wp.com\/retotmp.valnaloneduca.com\/wp-content\/uploads\/2019\/05\/img_20190506_114211.jpg?resize=350%2C200","width":350,"height":200},"classes":[]}],"_links":{"self":[{"href":"https:\/\/retotmp.valnaloneduca.com\/index.php?rest_route=\/wp\/v2\/posts\/963"}],"collection":[{"href":"https:\/\/retotmp.valnaloneduca.com\/index.php?rest_route=\/wp\/v2\/posts"}],"about":[{"href":"https:\/\/retotmp.valnaloneduca.com\/index.php?rest_route=\/wp\/v2\/types\/post"}],"author":[{"embeddable":true,"href":"https:\/\/retotmp.valnaloneduca.com\/index.php?rest_route=\/wp\/v2\/users\/3"}],"replies":[{"embeddable":true,"href":"https:\/\/retotmp.valnaloneduca.com\/index.php?rest_route=%2Fwp%2Fv2%2Fcomments&post=963"}],"version-history":[{"count":0,"href":"https:\/\/retotmp.valnaloneduca.com\/index.php?rest_route=\/wp\/v2\/posts\/963\/revisions"}],"wp:attachment":[{"href":"https:\/\/retotmp.valnaloneduca.com\/index.php?rest_route=%2Fwp%2Fv2%2Fmedia&parent=963"}],"wp:term":[{"taxonomy":"category","embeddable":true,"href":"https:\/\/retotmp.valnaloneduca.com\/index.php?rest_route=%2Fwp%2Fv2%2Fcategories&post=963"},{"taxonomy":"post_tag","embeddable":true,"href":"https:\/\/retotmp.valnaloneduca.com\/index.php?rest_route=%2Fwp%2Fv2%2Ftags&post=963"}],"curies":[{"name":"wp","href":"https:\/\/api.w.org\/{rel}","templated":true}]}}